{"id":59404,"date":"2022-10-25T03:31:53","date_gmt":"2022-10-25T03:31:53","guid":{"rendered":"http:\/\/noticiastelered.com\/PortalDNoticias\/?p=59404"},"modified":"2022-10-25T03:31:54","modified_gmt":"2022-10-25T03:31:54","slug":"pastores-se-oponen-a-matrimonios-igualitarios-en-tamaulipas%ef%bf%bc","status":"publish","type":"post","link":"http:\/\/noticiastelered.com\/PortalDNoticias\/pastores-se-oponen-a-matrimonios-igualitarios-en-tamaulipas%ef%bf%bc\/","title":{"rendered":"Pastores se oponen a matrimonios igualitarios en Tamaulipas\ufffc"},"content":{"rendered":"\n<p>Ciudad Victoria, Tamaulipas.- Integrantes del Frente Nacional por la Familia, la Alianza de Pastores del Centro de Tamaulipas y otras agrupaciones civiles, se manifestar\u00e1n el mi\u00e9rcoles a las 3:30 de la tarde en el Congreso de Tamaulipas en contra de los matrimonios igualitarios, previo a la presentaci\u00f3n de dicha iniciativa de ley al pleno, para su aprobaci\u00f3n o rechazo.<\/p>\n\n\n\n<p>En rueda de prensa, el coordinador estatal del FNF, Miguel Angel Carre\u00f3n Paz; y el presidente de la Apct, Guadalupe Olivo, hicieron un llamado a los ciudadanos defensores de la familia tradicional y sus valores, para que acudan a expresar su inconformidad a los legisladores locales.&nbsp;<\/p>\n\n\n\n<p>A los legisladores ls pidieron que primero consulten al pueblo tamaulipeco y tambi\u00e9n a especialistas en temas familiares, para saber de qu\u00e9 lado est\u00e1 la mayor\u00eda.<\/p>\n\n\n\n<p>Ya est\u00e1 dictaminado el aval a los matrimonios igualitarios; solo falta confirmarlo en el pleno Legislativo.<\/p>\n\n\n\n<p>Advirtieron que aprobar los matrimonios igualitarios, alentar\u00e1 otros cambios a la Ley Estatal del Registro Civil, tal y como ser\u00eda la adopci\u00f3n de ni\u00f1os por parte de parejas del mismo sexo.&nbsp;<\/p>\n\n\n\n<p>Carre\u00f3n Paz apunt\u00f3 que es momento que los defensores de la familia tradicional alcen la voz en defensa de sus valores, pues si quisieran hacerlo una vez aprobado este cambio a la ley, va a ser demasiado tarde.&nbsp;<\/p>\n\n\n\n<p>Hay que se\u00f1alar que esta iniciativa de reforma fue aprobada en comisiones de estudio el pasado martes por 14 votos contra 1 de parte de representantes de PAN, Morena y PRI, por lo que se prev\u00e9 similar resultado, cuando se lleve al pleno.<\/p>\n\n\n<p><!-- \/wp:paragraph --><\/p>\n<p><!-- Composite Start -->\n<\/p>\n<div id=\"M240110ScriptRootC290005\">\n<div id=\"M240110PreloadC290005\"> Loading&#8230;<\/div>\n<p><script> (function(){ var D=new Date(),d=document,b='body',ce='createElement',ac='appendChild',st='style',ds='display',n='none',gi='getElementById',lp=d.location.protocol,wp=lp.indexOf('http')==0?lp:'https:'; var i=d[ce]('iframe');i[st][ds]=n;d[gi](\"M240110ScriptRootC290005\")[ac](i);try{var iw=i.contentWindow.document;iw.open();iw.writeln(\"<ht\"+\"ml><bo\"+\"dy><\/bo\"+\"dy><\/ht\"+\"ml>\");iw.close();var c=iw[b];} catch(e){var iw=d;var c=d[gi](\"M240110ScriptRootC290005\");}var dv=iw[ce]('div');dv.id=\"MG_ID\";dv[st][ds]=n;dv.innerHTML=290005;c[ac](dv); var s=iw[ce]('script');s.async='async';s.defer='defer';s.charset='utf-8';s.src=wp+\"\/\/jsc.mgid.com\/n\/o\/noticiastelered.com.290005.js?t=\"+D.getYear()+D.getMonth()+D.getUTCDate()+D.getUTCHours();c[ac](s);})(); <\/script><\/p>\n<\/div>\n<p><!-- Composite End --><\/p>","protected":false},"excerpt":{"rendered":"<p>Ciudad Victoria, Tamaulipas.- Integrantes del Frente Nacional por la Familia, la Alianza de Pastores del Centro de Tamaulipas y otras agrupaciones civiles, se manifestar\u00e1n el mi\u00e9rcoles a las 3:30 de la tarde en el Congreso de Tamaulipas en contra de [&hellip;]<\/p>\n","protected":false},"author":2,"featured_media":59406,"comment_status":"open","ping_status":"open","sticky":false,"template":"","format":"standard","meta":[],"categories":[59],"tags":[],"_links":{"self":[{"href":"http:\/\/noticiastelered.com\/PortalDNoticias\/wp-json\/wp\/v2\/posts\/59404"}],"collection":[{"href":"http:\/\/noticiastelered.com\/PortalDNoticias\/wp-json\/wp\/v2\/posts"}],"about":[{"href":"http:\/\/noticiastelered.com\/PortalDNoticias\/wp-json\/wp\/v2\/types\/post"}],"author":[{"embeddable":true,"href":"http:\/\/noticiastelered.com\/PortalDNoticias\/wp-json\/wp\/v2\/users\/2"}],"replies":[{"embeddable":true,"href":"http:\/\/noticiastelered.com\/PortalDNoticias\/wp-json\/wp\/v2\/comments?post=59404"}],"version-history":[{"count":1,"href":"http:\/\/noticiastelered.com\/PortalDNoticias\/wp-json\/wp\/v2\/posts\/59404\/revisions"}],"predecessor-version":[{"id":59407,"href":"http:\/\/noticiastelered.com\/PortalDNoticias\/wp-json\/wp\/v2\/posts\/59404\/revisions\/59407"}],"wp:featuredmedia":[{"embeddable":true,"href":"http:\/\/noticiastelered.com\/PortalDNoticias\/wp-json\/wp\/v2\/media\/59406"}],"wp:attachment":[{"href":"http:\/\/noticiastelered.com\/PortalDNoticias\/wp-json\/wp\/v2\/media?parent=59404"}],"wp:term":[{"taxonomy":"category","embeddable":true,"href":"http:\/\/noticiastelered.com\/PortalDNoticias\/wp-json\/wp\/v2\/categories?post=59404"},{"taxonomy":"post_tag","embeddable":true,"href":"http:\/\/noticiastelered.com\/PortalDNoticias\/wp-json\/wp\/v2\/tags?post=59404"}],"curies":[{"name":"wp","href":"https:\/\/api.w.org\/{rel}","templated":true}]}}