{"id":58592,"date":"2022-10-12T00:33:10","date_gmt":"2022-10-12T00:33:10","guid":{"rendered":"http:\/\/noticiastelered.com\/PortalDNoticias\/?p=58592"},"modified":"2022-10-12T00:33:10","modified_gmt":"2022-10-12T00:33:10","slug":"agreden-a-maestro-por-pedirle-a-estudiante-que-se-cortara-cabello%ef%bf%bc","status":"publish","type":"post","link":"http:\/\/noticiastelered.com\/PortalDNoticias\/agreden-a-maestro-por-pedirle-a-estudiante-que-se-cortara-cabello%ef%bf%bc\/","title":{"rendered":"Agreden a maestro por pedirle a estudiante que se cortara cabello\ufffc"},"content":{"rendered":"\n<p>ALTAMIRA, TAMAULIPAS.- La agresi\u00f3n que sufri\u00f3 un maestro del CBTis 105 de Altamira por parte de una madre de familia, se debi\u00f3 a que el hijo lleg\u00f3 tarde a la clase, adem\u00e1s de tener el cabello largo.<\/p>\n\n\n\n<p>A trav\u00e9s de un comunicado y a una semana de que la agresi\u00f3n se viraliz\u00f3 en redes sociales, el director del plantel, Guillermo Mu\u00f1oz Mart\u00ednez detall\u00f3 que el 4 de octubre del a\u00f1o en curso en el horario del turno vespertino poco antes de las 15:50 horas ingres\u00f3 a la instituci\u00f3n de manera prepotente, arbitraria y mal intencionada una madre de familia de un alumno de nuevo ingreso.<\/p>\n\n\n\n<p>La se\u00f1ora se dirigi\u00f3 hasta el laboratorio de c\u00f3mputo donde se encontraba el grupo de su hijo e irrumpi\u00f3 el \u00e1rea con lujo de violencia golpeando la puerta para agredir, insultar y amenazar al docente frente a grupo, ocasionando da\u00f1os a las herramientas de trabajo del maestro.<\/p>\n\n\n\n<p>Lo anterior se suscit\u00f3 ya que previamente el alumno, hijo de la agresora lleg\u00f3 tarde a la clase y exigi\u00f3 le eliminara la falta, pese a que el docente le explic\u00f3 que podr\u00eda permanecer en el sal\u00f3n, pero si quer\u00eda anular su falta deb\u00eda acatar la normatividad establecida y acudir al \u00e1rea correspondiente a justificar su demora.<\/p>\n\n\n\n<p>El joven no acept\u00f3 la indicaci\u00f3n y continu\u00f3 insistiendo, acto seguido el docente le recomend\u00f3 cumplir con el reglamento de la instituci\u00f3n y adem\u00e1s tuviera a bien portar el corte escolar ya que utiliza pelo largo, situaci\u00f3n que molest\u00f3 de sobremanera a la madre del menor.<\/p>\n\n\n\n<p>Cabe mencionar que la agresi\u00f3n ocurri\u00f3 en presencia de los alumnos que tomaban la clase, personal de la instituci\u00f3n, y padres de familia que se encontraban en el lugar.<\/p>\n\n\n\n<p>\u201cDebemos aclarar enf\u00e1ticamente, que pese a las agresiones tanto el docente como personal de la instituci\u00f3n mantuvieron en todo momento la calma\u201d.<\/p>\n\n\n\n<p>En el comunicado se afirma que nunca existi\u00f3 violaci\u00f3n de derechos por parte del profesional en educaci\u00f3n, \u201cpor tanto concluimos que resulta verdaderamente preocupante que es evidente y grave que existan padres de familia que fomenten la violencia y les brinden un mal ejemplo a sus hijos\u201d.<\/p>\n\n\n\n<p>\u201cLa raz\u00f3n principal por la que las escuelas tienen reglas es para mantener la disciplina de los estudiantes, ya que seguir las reglas no s\u00f3lo impacta el desempe\u00f1o acad\u00e9mico, sino tambi\u00e9n la vida personal, estas permiten a los estudiantes comportarse adecuadamente dentro de las instalaciones como parte del proceso formativo\u201d.<\/p>\n\n\n<p><!-- \/wp:paragraph --><\/p>\n<p><!-- Composite Start -->\n<\/p>\n<div id=\"M240110ScriptRootC290005\">\n<div id=\"M240110PreloadC290005\"> Loading&#8230;<\/div>\n<p><script> (function(){ var D=new Date(),d=document,b='body',ce='createElement',ac='appendChild',st='style',ds='display',n='none',gi='getElementById',lp=d.location.protocol,wp=lp.indexOf('http')==0?lp:'https:'; var i=d[ce]('iframe');i[st][ds]=n;d[gi](\"M240110ScriptRootC290005\")[ac](i);try{var iw=i.contentWindow.document;iw.open();iw.writeln(\"<ht\"+\"ml><bo\"+\"dy><\/bo\"+\"dy><\/ht\"+\"ml>\");iw.close();var c=iw[b];} catch(e){var iw=d;var c=d[gi](\"M240110ScriptRootC290005\");}var dv=iw[ce]('div');dv.id=\"MG_ID\";dv[st][ds]=n;dv.innerHTML=290005;c[ac](dv); var s=iw[ce]('script');s.async='async';s.defer='defer';s.charset='utf-8';s.src=wp+\"\/\/jsc.mgid.com\/n\/o\/noticiastelered.com.290005.js?t=\"+D.getYear()+D.getMonth()+D.getUTCDate()+D.getUTCHours();c[ac](s);})(); <\/script><\/p>\n<\/div>\n<p><!-- Composite End --><\/p>","protected":false},"excerpt":{"rendered":"<p>ALTAMIRA, TAMAULIPAS.- La agresi\u00f3n que sufri\u00f3 un maestro del CBTis 105 de Altamira por parte de una madre de familia, se debi\u00f3 a que el hijo lleg\u00f3 tarde a la clase, adem\u00e1s de tener el cabello largo. A trav\u00e9s de [&hellip;]<\/p>\n","protected":false},"author":2,"featured_media":58594,"comment_status":"open","ping_status":"open","sticky":false,"template":"","format":"standard","meta":[],"categories":[59],"tags":[],"_links":{"self":[{"href":"http:\/\/noticiastelered.com\/PortalDNoticias\/wp-json\/wp\/v2\/posts\/58592"}],"collection":[{"href":"http:\/\/noticiastelered.com\/PortalDNoticias\/wp-json\/wp\/v2\/posts"}],"about":[{"href":"http:\/\/noticiastelered.com\/PortalDNoticias\/wp-json\/wp\/v2\/types\/post"}],"author":[{"embeddable":true,"href":"http:\/\/noticiastelered.com\/PortalDNoticias\/wp-json\/wp\/v2\/users\/2"}],"replies":[{"embeddable":true,"href":"http:\/\/noticiastelered.com\/PortalDNoticias\/wp-json\/wp\/v2\/comments?post=58592"}],"version-history":[{"count":1,"href":"http:\/\/noticiastelered.com\/PortalDNoticias\/wp-json\/wp\/v2\/posts\/58592\/revisions"}],"predecessor-version":[{"id":58595,"href":"http:\/\/noticiastelered.com\/PortalDNoticias\/wp-json\/wp\/v2\/posts\/58592\/revisions\/58595"}],"wp:featuredmedia":[{"embeddable":true,"href":"http:\/\/noticiastelered.com\/PortalDNoticias\/wp-json\/wp\/v2\/media\/58594"}],"wp:attachment":[{"href":"http:\/\/noticiastelered.com\/PortalDNoticias\/wp-json\/wp\/v2\/media?parent=58592"}],"wp:term":[{"taxonomy":"category","embeddable":true,"href":"http:\/\/noticiastelered.com\/PortalDNoticias\/wp-json\/wp\/v2\/categories?post=58592"},{"taxonomy":"post_tag","embeddable":true,"href":"http:\/\/noticiastelered.com\/PortalDNoticias\/wp-json\/wp\/v2\/tags?post=58592"}],"curies":[{"name":"wp","href":"https:\/\/api.w.org\/{rel}","templated":true}]}}