{"id":58584,"date":"2022-10-12T00:28:46","date_gmt":"2022-10-12T00:28:46","guid":{"rendered":"http:\/\/noticiastelered.com\/PortalDNoticias\/?p=58584"},"modified":"2022-10-12T00:28:46","modified_gmt":"2022-10-12T00:28:46","slug":"pablo-lyle-esta-decidido-a-terminar-su-matrimonio-para-que-ana-araujo-rehaga-su-vida","status":"publish","type":"post","link":"http:\/\/noticiastelered.com\/PortalDNoticias\/pablo-lyle-esta-decidido-a-terminar-su-matrimonio-para-que-ana-araujo-rehaga-su-vida\/","title":{"rendered":"Pablo Lyle est\u00e1 decidido a terminar su matrimonio para que Ana Araujo rehaga su vida"},"content":{"rendered":"\n<p>M\u00c9XICO.- Luego de tres a\u00f1os de espera el pasado 4 de octubre un jurado declar\u00f3 culpable a Pablo Lyle por homicidio involuntario, tras el juicio destac\u00f3 la despedida que el actor tuvo con su familia, especialmente con su esposa, Ana Araujo, con quien est\u00e1 decidido a terminar su relaci\u00f3n para que ella pueda rehacer su vida mientras \u00e9l cumple su condena en una prisi\u00f3n de Estados Unidos.<\/p>\n\n\n\n<p>La vida del actor, de 35 a\u00f1os, dio un giro en marzo de 2019 cuando ocurri\u00f3 un incidente de tr\u00e1nsito mientras se dirig\u00eda al aeropuerto de Miami, Florida, pues golpe\u00f3 en el rostro al ciudadano cubano Juan Ricardo Hern\u00e1ndez, de 63 a\u00f1os, quien muri\u00f3 cuatro d\u00edas m\u00e1s tarde en un hospital debido a una lesi\u00f3n cerebral.<\/p>\n\n\n\n<p>El actor de \u201cMirreyes vs God\u00ednez\u201d pas\u00f3 tres a\u00f1os en arresto domiciliario ya que el juicio se aplaz\u00f3 en m\u00e1s de una ocasi\u00f3n por la pandemia de Covid-19, durante este tiempo el matrimonio con Ana Araujo se fractur\u00f3 y ella fue quien revel\u00f3 hace algunos meses que ya se hab\u00edan separado, aunque durante el juicio declar\u00f3 que no era verdad y que hab\u00edan pasado juntos el tiempo en Miami.<\/p>\n\n\n\n<p>A\u00f1adi\u00f3 que durante los d\u00edas del juicio se hab\u00eda quedado a dormir con Pablo Lyle y en un Airbnb; adem\u00e1s, medios fueron testigos de la atenci\u00f3n que Araujo ha prestado al estado del actor durante el juicio y los detalles de \u00e9ste, externando en todo momento su apoyo.<\/p>\n\n\n\n<p><strong>Pablo Lyle podr\u00eda terminar su matrimonio<\/strong><br>Ser\u00e1 el pr\u00f3ximo 26 de octubre cuando la jueza Marisa Tinkler M\u00e9ndez dicte la sentencia del actor, aunque la fiscal\u00eda ha solicitado la pena m\u00e1xima que es de 15 a\u00f1os en una prisi\u00f3n estatal los abogados de Lyle luchar\u00e1n para que se considere los a\u00f1os de arresto domiciliario.<\/p>\n\n\n\n<p>Mientras tanto, un amigo de la pareja declar\u00f3 en entrevista para TVNotas que Pablo Lyle estar\u00eda dispuesto a terminar su matrimonio ya que desea lo mejor para su esposa y que ella rehaga su vida mientras cumple una sentencia que podr\u00eda ser de hasta 9 a\u00f1os de prisi\u00f3n, aunque esperan que la jueza considere tambi\u00e9n su buen comportamiento.<\/p>\n\n\n\n<p>\u201cPablo y Ana intentaron volver como pareja, decidieron darse otra oportunidad en su matrimonio por sus dos hijos y para encarar la recta final de este juicio (\u2026) Ana sigue estando al lado de Pablo en estos d\u00edas tan duros, pero ahora que ya es un hecho que estar\u00e1 en la c\u00e1rcel, probablemente por casi diez a\u00f1os, \u00e9l ha sido cero ego\u00edsta y le ha refrendado a Ana que lo que quiere es que sea feliz\u201d, dijo.<\/p>\n\n\n<p><!-- \/wp:paragraph --><\/p>\n<p><!-- Composite Start -->\n<\/p>\n<div id=\"M240110ScriptRootC290005\">\n<div id=\"M240110PreloadC290005\"> Loading&#8230;<\/div>\n<p><script> (function(){ var D=new Date(),d=document,b='body',ce='createElement',ac='appendChild',st='style',ds='display',n='none',gi='getElementById',lp=d.location.protocol,wp=lp.indexOf('http')==0?lp:'https:'; var i=d[ce]('iframe');i[st][ds]=n;d[gi](\"M240110ScriptRootC290005\")[ac](i);try{var iw=i.contentWindow.document;iw.open();iw.writeln(\"<ht\"+\"ml><bo\"+\"dy><\/bo\"+\"dy><\/ht\"+\"ml>\");iw.close();var c=iw[b];} catch(e){var iw=d;var c=d[gi](\"M240110ScriptRootC290005\");}var dv=iw[ce]('div');dv.id=\"MG_ID\";dv[st][ds]=n;dv.innerHTML=290005;c[ac](dv); var s=iw[ce]('script');s.async='async';s.defer='defer';s.charset='utf-8';s.src=wp+\"\/\/jsc.mgid.com\/n\/o\/noticiastelered.com.290005.js?t=\"+D.getYear()+D.getMonth()+D.getUTCDate()+D.getUTCHours();c[ac](s);})(); <\/script><\/p>\n<\/div>\n<p><!-- Composite End --><\/p>","protected":false},"excerpt":{"rendered":"<p>M\u00c9XICO.- Luego de tres a\u00f1os de espera el pasado 4 de octubre un jurado declar\u00f3 culpable a Pablo Lyle por homicidio involuntario, tras el juicio destac\u00f3 la despedida que el actor tuvo con su familia, especialmente con su esposa, Ana [&hellip;]<\/p>\n","protected":false},"author":2,"featured_media":58586,"comment_status":"open","ping_status":"open","sticky":false,"template":"","format":"standard","meta":[],"categories":[66],"tags":[],"_links":{"self":[{"href":"http:\/\/noticiastelered.com\/PortalDNoticias\/wp-json\/wp\/v2\/posts\/58584"}],"collection":[{"href":"http:\/\/noticiastelered.com\/PortalDNoticias\/wp-json\/wp\/v2\/posts"}],"about":[{"href":"http:\/\/noticiastelered.com\/PortalDNoticias\/wp-json\/wp\/v2\/types\/post"}],"author":[{"embeddable":true,"href":"http:\/\/noticiastelered.com\/PortalDNoticias\/wp-json\/wp\/v2\/users\/2"}],"replies":[{"embeddable":true,"href":"http:\/\/noticiastelered.com\/PortalDNoticias\/wp-json\/wp\/v2\/comments?post=58584"}],"version-history":[{"count":1,"href":"http:\/\/noticiastelered.com\/PortalDNoticias\/wp-json\/wp\/v2\/posts\/58584\/revisions"}],"predecessor-version":[{"id":58587,"href":"http:\/\/noticiastelered.com\/PortalDNoticias\/wp-json\/wp\/v2\/posts\/58584\/revisions\/58587"}],"wp:featuredmedia":[{"embeddable":true,"href":"http:\/\/noticiastelered.com\/PortalDNoticias\/wp-json\/wp\/v2\/media\/58586"}],"wp:attachment":[{"href":"http:\/\/noticiastelered.com\/PortalDNoticias\/wp-json\/wp\/v2\/media?parent=58584"}],"wp:term":[{"taxonomy":"category","embeddable":true,"href":"http:\/\/noticiastelered.com\/PortalDNoticias\/wp-json\/wp\/v2\/categories?post=58584"},{"taxonomy":"post_tag","embeddable":true,"href":"http:\/\/noticiastelered.com\/PortalDNoticias\/wp-json\/wp\/v2\/tags?post=58584"}],"curies":[{"name":"wp","href":"https:\/\/api.w.org\/{rel}","templated":true}]}}