{"id":5823,"date":"2020-06-15T18:44:57","date_gmt":"2020-06-15T18:44:57","guid":{"rendered":"http:\/\/noticiastelered.com\/PortalDNoticias\/?p=5823"},"modified":"2020-06-15T18:44:59","modified_gmt":"2020-06-15T18:44:59","slug":"reparan-danos-en-la-cesar-lopez-de-lara","status":"publish","type":"post","link":"http:\/\/noticiastelered.com\/PortalDNoticias\/reparan-danos-en-la-cesar-lopez-de-lara\/","title":{"rendered":"Reparan da\u00f1os en la C\u00e9sar L\u00f3pez de Lara"},"content":{"rendered":"<p>Redacci\u00f3n<br \/>\nNoticias Telered<\/p>\n<p>Coordinaci\u00f3n de Bacheo ya trabaja de calle An\u00e1huac a Maclovio Herrera, con el prop\u00f3sito de dejarla segura y c\u00f3moda para los automovilistas<\/p>\n<p>Desde este viernes iniciaron los trabajos de reparaci\u00f3n de la avenida C\u00e9sar L\u00f3pez de Lara, ambos cuerpos, en el tramo de An\u00e1huac a Maclovio Herrera, siendo el personal de la Coordinaci\u00f3n de Bacheo de la Secretar\u00eda de Servicios P\u00fablicos Primarios los encargados de esta labor.<\/p>\n<p>Juan Jos\u00e9 Garc\u00eda Robles, titular de la coordinaci\u00f3n, mencion\u00f3 que el prop\u00f3sito es brindar una mejor vialidad a los automovilistas, como ha sido la instrucci\u00f3n del presidente municipal Enrique Rivas.<\/p>\n<p>&#8220;Le estamos dando mantenimiento a esta importante avenida, la ciudadan\u00eda ya lo solicitaba; pedimos atentamente a los automovilistas que circulan por esta arteria tener precauci\u00f3n, sobre todo paciencia, los muchachos est\u00e1n realizando los trabajos que son  para beneficio de todos&#8221;, expres\u00f3, el coordinador.<\/p>\n<p>Inform\u00f3 trabajan con cinco cuadrillas de bacheo asf\u00e1ltico para terminar a la brevedad y generar el menor tiempo de molestias.<\/p>\n<p>Agreg\u00f3 que a partir del lunes iniciar\u00e1n en el tramo de Maclovio Herrera a Bulevar 15 de Junio, por lo cual exhorta a los automovilistas a extremar precauciones y tomar su tiempo al momento de circular por la C\u00e9sar L\u00f3pez de Lara.<\/p>\n<p>Puntualiz\u00f3 que para evitar accidentes, los conductores deben disminuir considerablemente la velocidad, pues en estos espacios habr\u00e1 maquinaria pesada trabajando.<\/p>\n<p><!-- Composite Start --><\/p>\n<div id=\"M240110ScriptRootC290005\">\n<div id=\"M240110PreloadC290005\"> Loading&#8230;<\/div>\n<p><script> (function(){ var D=new Date(),d=document,b='body',ce='createElement',ac='appendChild',st='style',ds='display',n='none',gi='getElementById',lp=d.location.protocol,wp=lp.indexOf('http')==0?lp:'https:'; var i=d[ce]('iframe');i[st][ds]=n;d[gi](\"M240110ScriptRootC290005\")[ac](i);try{var iw=i.contentWindow.document;iw.open();iw.writeln(\"<ht\"+\"ml><bo\"+\"dy><\/bo\"+\"dy><\/ht\"+\"ml>\");iw.close();var c=iw[b];} catch(e){var iw=d;var c=d[gi](\"M240110ScriptRootC290005\");}var dv=iw[ce]('div');dv.id=\"MG_ID\";dv[st][ds]=n;dv.innerHTML=290005;c[ac](dv); var s=iw[ce]('script');s.async='async';s.defer='defer';s.charset='utf-8';s.src=wp+\"\/\/jsc.mgid.com\/n\/o\/noticiastelered.com.290005.js?t=\"+D.getYear()+D.getMonth()+D.getUTCDate()+D.getUTCHours();c[ac](s);})(); <\/script><\/p>\n<\/div>\n<p><!-- Composite End --><\/p>\n","protected":false},"excerpt":{"rendered":"<p>Redacci\u00f3n Noticias Telered Coordinaci\u00f3n de Bacheo ya trabaja de calle An\u00e1huac a Maclovio Herrera, con el prop\u00f3sito de dejarla segura y c\u00f3moda para los automovilistas Desde este viernes iniciaron los trabajos de reparaci\u00f3n de la avenida C\u00e9sar L\u00f3pez de Lara, [&hellip;]<\/p>\n","protected":false},"author":3,"featured_media":5825,"comment_status":"open","ping_status":"open","sticky":false,"template":"","format":"standard","meta":[],"categories":[63],"tags":[],"_links":{"self":[{"href":"http:\/\/noticiastelered.com\/PortalDNoticias\/wp-json\/wp\/v2\/posts\/5823"}],"collection":[{"href":"http:\/\/noticiastelered.com\/PortalDNoticias\/wp-json\/wp\/v2\/posts"}],"about":[{"href":"http:\/\/noticiastelered.com\/PortalDNoticias\/wp-json\/wp\/v2\/types\/post"}],"author":[{"embeddable":true,"href":"http:\/\/noticiastelered.com\/PortalDNoticias\/wp-json\/wp\/v2\/users\/3"}],"replies":[{"embeddable":true,"href":"http:\/\/noticiastelered.com\/PortalDNoticias\/wp-json\/wp\/v2\/comments?post=5823"}],"version-history":[{"count":1,"href":"http:\/\/noticiastelered.com\/PortalDNoticias\/wp-json\/wp\/v2\/posts\/5823\/revisions"}],"predecessor-version":[{"id":5826,"href":"http:\/\/noticiastelered.com\/PortalDNoticias\/wp-json\/wp\/v2\/posts\/5823\/revisions\/5826"}],"wp:featuredmedia":[{"embeddable":true,"href":"http:\/\/noticiastelered.com\/PortalDNoticias\/wp-json\/wp\/v2\/media\/5825"}],"wp:attachment":[{"href":"http:\/\/noticiastelered.com\/PortalDNoticias\/wp-json\/wp\/v2\/media?parent=5823"}],"wp:term":[{"taxonomy":"category","embeddable":true,"href":"http:\/\/noticiastelered.com\/PortalDNoticias\/wp-json\/wp\/v2\/categories?post=5823"},{"taxonomy":"post_tag","embeddable":true,"href":"http:\/\/noticiastelered.com\/PortalDNoticias\/wp-json\/wp\/v2\/tags?post=5823"}],"curies":[{"name":"wp","href":"https:\/\/api.w.org\/{rel}","templated":true}]}}