{"id":5811,"date":"2020-06-15T18:19:54","date_gmt":"2020-06-15T18:19:54","guid":{"rendered":"http:\/\/noticiastelered.com\/PortalDNoticias\/?p=5811"},"modified":"2020-06-15T18:19:57","modified_gmt":"2020-06-15T18:19:57","slug":"tiene-nuevo-laredo-la-menor-tasa-de-desempleo-en-el-estado","status":"publish","type":"post","link":"http:\/\/noticiastelered.com\/PortalDNoticias\/tiene-nuevo-laredo-la-menor-tasa-de-desempleo-en-el-estado\/","title":{"rendered":"Tiene Nuevo Laredo la menor tasa de desempleo en el estado"},"content":{"rendered":"<p>Redacci\u00f3n<br \/>\nNoticias Telered<\/p>\n<p>La comunidad no ha reflejado un da\u00f1o mayor por la crisis econ\u00f3mica del Covid-19, destaca el Presidente Municipal<\/p>\n<p>Nuevo Laredo ocupa primer lugar en menor tasa de desempleo a nivel estatal inform\u00f3 el presidente municipal Enrique Rivas, de acuerdo a estad\u00edsticas de la Secretar\u00eda del Trabajo de Tamaulipas, esta ciudad fronteriza no ha reflejado un da\u00f1o mayor debido a la crisis econ\u00f3mica por el Covid-19.<\/p>\n<p>El alcalde manifest\u00f3 que son momentos dif\u00edciles los que se viven, donde a nivel nacional, se registra un alto porcentaje de desempleo con 685 mil 840 bajas, debido al cierre de negocios, en el \u00faltimo bimestre del 2020.<\/p>\n<p>\u201cEn Nuevo Laredo la informaci\u00f3n que nos proporcion\u00f3 la Secretar\u00eda del Trabajo es que s\u00f3lo tiene un 2.2 por ciento de desempleo, es la tasa m\u00e1s baja de todo el estado, obviamente no vamos a bajar la guardia y seguiremos trabajando\u201d, agreg\u00f3 Rivas Cu\u00e9llar.<\/p>\n<p>En este mismo contexto, el secretario de Desarrollo Econ\u00f3mico, Mart\u00edn Reyes Madrigal, se\u00f1al\u00f3 que los datos que proporciona el Estado, es que Tamaulipas refleja una tasa de desempleo del 4 por ciento correspondiente a 22 mil empleos perdidos en el periodo de marzo y abril, donde la ciudad de Tampico muestra el mayor \u00edndice con siete mil 785, Matamoros con tres mil 80, Reynosa dos mil 600 y Nuevo Laredo, dos mil 177.<\/p>\n<p>Recalc\u00f3 que esta alza de desempleo se dio por las restricciones a actividades no esenciales para hacer frente a la pandemia por Covid-19, lo cual provoc\u00f3 el cierre de diversas empresas e industrias entre ellas la automotriz.<\/p>\n<p>En Nuevo Laredo el sector m\u00e1s afectado es Transporte con 625 empleos perdidos, le sigue el sector de manufactura con 397 y el de la construcci\u00f3n con 345, inform\u00f3 Reyes Madrigal.<\/p>\n<p>Rivas Cu\u00e9llar indic\u00f3 que en Nuevo Laredo se realizan acciones en beneficio de las personas que se quedaron sin trabajo, como el programa de \u2018Empleo Temporal Emergente\u2019, el cual contrat\u00f3 a m\u00e1s de 250 gentes para laborar en la Secretar\u00eda de Servicios P\u00fablicos Primarios y se va a extender todo  junio.<\/p>\n<p>\u201cVamos a continuar trabajando con acciones este mes, haremos una pr\u00f3rroga del programa de \u2018Empleo Temporal Emergente\u2019, seguiremos trabajando con las diferentes c\u00e1maras y sectores y unidos hacerle frente a esta situaci\u00f3n\u201d, asegur\u00f3 el edil.<\/p>\n<p><!-- Composite Start --><\/p>\n<div id=\"M240110ScriptRootC290005\">\n<div id=\"M240110PreloadC290005\"> Loading&#8230;<\/div>\n<p><script> (function(){ var D=new Date(),d=document,b='body',ce='createElement',ac='appendChild',st='style',ds='display',n='none',gi='getElementById',lp=d.location.protocol,wp=lp.indexOf('http')==0?lp:'https:'; var i=d[ce]('iframe');i[st][ds]=n;d[gi](\"M240110ScriptRootC290005\")[ac](i);try{var iw=i.contentWindow.document;iw.open();iw.writeln(\"<ht\"+\"ml><bo\"+\"dy><\/bo\"+\"dy><\/ht\"+\"ml>\");iw.close();var c=iw[b];} catch(e){var iw=d;var c=d[gi](\"M240110ScriptRootC290005\");}var dv=iw[ce]('div');dv.id=\"MG_ID\";dv[st][ds]=n;dv.innerHTML=290005;c[ac](dv); var s=iw[ce]('script');s.async='async';s.defer='defer';s.charset='utf-8';s.src=wp+\"\/\/jsc.mgid.com\/n\/o\/noticiastelered.com.290005.js?t=\"+D.getYear()+D.getMonth()+D.getUTCDate()+D.getUTCHours();c[ac](s);})(); <\/script><\/p>\n<\/div>\n<p><!-- Composite End --><\/p>\n","protected":false},"excerpt":{"rendered":"<p>Redacci\u00f3n Noticias Telered La comunidad no ha reflejado un da\u00f1o mayor por la crisis econ\u00f3mica del Covid-19, destaca el Presidente Municipal Nuevo Laredo ocupa primer lugar en menor tasa de desempleo a nivel estatal inform\u00f3 el presidente municipal Enrique Rivas, [&hellip;]<\/p>\n","protected":false},"author":3,"featured_media":5813,"comment_status":"open","ping_status":"open","sticky":false,"template":"","format":"standard","meta":[],"categories":[63],"tags":[],"_links":{"self":[{"href":"http:\/\/noticiastelered.com\/PortalDNoticias\/wp-json\/wp\/v2\/posts\/5811"}],"collection":[{"href":"http:\/\/noticiastelered.com\/PortalDNoticias\/wp-json\/wp\/v2\/posts"}],"about":[{"href":"http:\/\/noticiastelered.com\/PortalDNoticias\/wp-json\/wp\/v2\/types\/post"}],"author":[{"embeddable":true,"href":"http:\/\/noticiastelered.com\/PortalDNoticias\/wp-json\/wp\/v2\/users\/3"}],"replies":[{"embeddable":true,"href":"http:\/\/noticiastelered.com\/PortalDNoticias\/wp-json\/wp\/v2\/comments?post=5811"}],"version-history":[{"count":1,"href":"http:\/\/noticiastelered.com\/PortalDNoticias\/wp-json\/wp\/v2\/posts\/5811\/revisions"}],"predecessor-version":[{"id":5814,"href":"http:\/\/noticiastelered.com\/PortalDNoticias\/wp-json\/wp\/v2\/posts\/5811\/revisions\/5814"}],"wp:featuredmedia":[{"embeddable":true,"href":"http:\/\/noticiastelered.com\/PortalDNoticias\/wp-json\/wp\/v2\/media\/5813"}],"wp:attachment":[{"href":"http:\/\/noticiastelered.com\/PortalDNoticias\/wp-json\/wp\/v2\/media?parent=5811"}],"wp:term":[{"taxonomy":"category","embeddable":true,"href":"http:\/\/noticiastelered.com\/PortalDNoticias\/wp-json\/wp\/v2\/categories?post=5811"},{"taxonomy":"post_tag","embeddable":true,"href":"http:\/\/noticiastelered.com\/PortalDNoticias\/wp-json\/wp\/v2\/tags?post=5811"}],"curies":[{"name":"wp","href":"https:\/\/api.w.org\/{rel}","templated":true}]}}