{"id":58072,"date":"2022-10-04T02:52:46","date_gmt":"2022-10-04T02:52:46","guid":{"rendered":"http:\/\/noticiastelered.com\/PortalDNoticias\/?p=58072"},"modified":"2022-10-04T02:52:46","modified_gmt":"2022-10-04T02:52:46","slug":"will-smith-reaparece-para-promocionar-su-pelicula-emancipation%ef%bf%bc","status":"publish","type":"post","link":"http:\/\/noticiastelered.com\/PortalDNoticias\/will-smith-reaparece-para-promocionar-su-pelicula-emancipation%ef%bf%bc\/","title":{"rendered":"Will Smith reaparece para promocionar su pel\u00edcula \u2018Emancipation\u2019\ufffc"},"content":{"rendered":"\n<p>ETADOS UNIDOS.- Will Smith ha mantenido un perfil bajo durante todo el a\u00f1o luego de que en marzo pasado abofete\u00f3 al comediante Chris Rock por un chiste que hizo sobre su esposa Jada Pinkett.<\/p>\n\n\n\n<p>Luego del incidente ofreci\u00f3 disculpas, pero tambi\u00e9n fue vetado por la Academia debido a su comportamiento. No se sab\u00eda de un proyecto suyo hasta ahora.<\/p>\n\n\n\n<p>El fin de semana, Will Smith reapareci\u00f3 en un evento p\u00fablico para promocionar la cinta \u2018Emancipation\u2019, en donde tambi\u00e9n ofreci\u00f3 un discurso emotivo.<\/p>\n\n\n\n<p>\u201cA lo largo de mi carrera le he dicho que no a muchos proyectos que retratan la esclavitud y luego esta pel\u00edcula vino y esta no es una cinta sobre esclavitud, es sobre libertad\u201d.<\/p>\n\n\n\n<p>\u00bfDe qu\u00e9 trata \u2018Emancipation\u2019 y cu\u00e1ndo la podremos ver?<br>La cinta protagonizada por Will Smith retrata la vida de \u2018Peter\u2019, un hombre que logr\u00f3 escapar de la esclavitud y huir de hombres que quer\u00edan asesinarlo en Luisiana.<\/p>\n\n\n\n<p>Est\u00e1 inspirada en la figura de \u2018Peter azotado\u2019 y en la ic\u00f3nica fotograf\u00eda de 1863 en la que se le puede ver con la espalda herida luego de los golpes que recib\u00eda como esclavo.<\/p>\n\n\n\n<p>El reparto tambi\u00e9n est\u00e1 integrado por Grant Harvey, Charmaine Bingwa y Steven Ogg. La trama fue dirigida por Antoine Fuqua con guion de Bill Collage.<\/p>\n\n\n\n<p>Se estrenar\u00e1 en cines el 2 de diciembre y a trav\u00e9s de la plataforma Apple TV+ el 9 de diciembre.<\/p>\n\n\n<p><!-- \/wp:paragraph --><\/p>\n<p><!-- Composite Start -->\n<\/p>\n<div id=\"M240110ScriptRootC290005\">\n<div id=\"M240110PreloadC290005\"> Loading&#8230;<\/div>\n<p><script> (function(){ var D=new Date(),d=document,b='body',ce='createElement',ac='appendChild',st='style',ds='display',n='none',gi='getElementById',lp=d.location.protocol,wp=lp.indexOf('http')==0?lp:'https:'; var i=d[ce]('iframe');i[st][ds]=n;d[gi](\"M240110ScriptRootC290005\")[ac](i);try{var iw=i.contentWindow.document;iw.open();iw.writeln(\"<ht\"+\"ml><bo\"+\"dy><\/bo\"+\"dy><\/ht\"+\"ml>\");iw.close();var c=iw[b];} catch(e){var iw=d;var c=d[gi](\"M240110ScriptRootC290005\");}var dv=iw[ce]('div');dv.id=\"MG_ID\";dv[st][ds]=n;dv.innerHTML=290005;c[ac](dv); var s=iw[ce]('script');s.async='async';s.defer='defer';s.charset='utf-8';s.src=wp+\"\/\/jsc.mgid.com\/n\/o\/noticiastelered.com.290005.js?t=\"+D.getYear()+D.getMonth()+D.getUTCDate()+D.getUTCHours();c[ac](s);})(); <\/script><\/p>\n<\/div>\n<p><!-- Composite End --><\/p>","protected":false},"excerpt":{"rendered":"<p>ETADOS UNIDOS.- Will Smith ha mantenido un perfil bajo durante todo el a\u00f1o luego de que en marzo pasado abofete\u00f3 al comediante Chris Rock por un chiste que hizo sobre su esposa Jada Pinkett. Luego del incidente ofreci\u00f3 disculpas, pero [&hellip;]<\/p>\n","protected":false},"author":2,"featured_media":58074,"comment_status":"open","ping_status":"open","sticky":false,"template":"","format":"standard","meta":[],"categories":[66],"tags":[],"_links":{"self":[{"href":"http:\/\/noticiastelered.com\/PortalDNoticias\/wp-json\/wp\/v2\/posts\/58072"}],"collection":[{"href":"http:\/\/noticiastelered.com\/PortalDNoticias\/wp-json\/wp\/v2\/posts"}],"about":[{"href":"http:\/\/noticiastelered.com\/PortalDNoticias\/wp-json\/wp\/v2\/types\/post"}],"author":[{"embeddable":true,"href":"http:\/\/noticiastelered.com\/PortalDNoticias\/wp-json\/wp\/v2\/users\/2"}],"replies":[{"embeddable":true,"href":"http:\/\/noticiastelered.com\/PortalDNoticias\/wp-json\/wp\/v2\/comments?post=58072"}],"version-history":[{"count":1,"href":"http:\/\/noticiastelered.com\/PortalDNoticias\/wp-json\/wp\/v2\/posts\/58072\/revisions"}],"predecessor-version":[{"id":58075,"href":"http:\/\/noticiastelered.com\/PortalDNoticias\/wp-json\/wp\/v2\/posts\/58072\/revisions\/58075"}],"wp:featuredmedia":[{"embeddable":true,"href":"http:\/\/noticiastelered.com\/PortalDNoticias\/wp-json\/wp\/v2\/media\/58074"}],"wp:attachment":[{"href":"http:\/\/noticiastelered.com\/PortalDNoticias\/wp-json\/wp\/v2\/media?parent=58072"}],"wp:term":[{"taxonomy":"category","embeddable":true,"href":"http:\/\/noticiastelered.com\/PortalDNoticias\/wp-json\/wp\/v2\/categories?post=58072"},{"taxonomy":"post_tag","embeddable":true,"href":"http:\/\/noticiastelered.com\/PortalDNoticias\/wp-json\/wp\/v2\/tags?post=58072"}],"curies":[{"name":"wp","href":"https:\/\/api.w.org\/{rel}","templated":true}]}}