{"id":5796,"date":"2020-06-15T16:28:24","date_gmt":"2020-06-15T16:28:24","guid":{"rendered":"http:\/\/noticiastelered.com\/PortalDNoticias\/?p=5796"},"modified":"2020-06-15T16:28:26","modified_gmt":"2020-06-15T16:28:26","slug":"llegara-la-caravana-de-la-salud-a-colonias-vulnerables","status":"publish","type":"post","link":"http:\/\/noticiastelered.com\/PortalDNoticias\/llegara-la-caravana-de-la-salud-a-colonias-vulnerables\/","title":{"rendered":"Llegar\u00e1 la \u2018Caravana de la Salud\u2019 a colonias vulnerables"},"content":{"rendered":"<p>Redacci\u00f3n<br \/>\nNoticias Telered<\/p>\n<p>Acudir\u00e1n a zonas marginadas para atender problemas de hipertensi\u00f3n, diabetes y otros padecimientos<\/p>\n<p>Gobierno municipal reactivar\u00e1 las Caravanas de Salud con todo el protocolo de bioseguridad, con el prop\u00f3sito de llevar atenci\u00f3n m\u00e9dica integral a las colonias marginadas que se vieron afectadas por la contingencia de Covid-19.<\/p>\n<p>La secretaria de Bienestar Social, Iliana Medina Garc\u00eda, mencion\u00f3 que ya est\u00e1n sentando las bases jur\u00eddicas necesarias para arrancar en la segunda quincena de junio con la Direcci\u00f3n de Salud y el Sistema DIF.<\/p>\n<p>&#8220;Vamos a reactivar las Caravanas de Salud porque la situaci\u00f3n que vivimos con la pandemia de Covid no significa que las dem\u00e1s enfermedades paren, siguen existiendo problemas de hipertensi\u00f3n, diabetes y otros padecimientos que hay que prevenir&#8221;, se\u00f1al\u00f3.<\/p>\n<p>El director de Salud, Jaime Emilio Guti\u00e9rrez, se\u00f1al\u00f3 que con la contingencia se restringi\u00f3 el acceso a cl\u00ednicas y hospitales, se redujo el personal m\u00e9dico al 30 por ciento lo que afect\u00f3 la atenci\u00f3n a enfermedades que no son urgentes o por Covid.<\/p>\n<p>&#8220;Se pretende entrar a las colonias con todos los protocolos de bioseguridad, cuidando el distanciamiento y el equipamiento de los m\u00e9dicos y sin que las personas hagan filas&#8221;, dijo el doctor Guti\u00e9rrez.<\/p>\n<p>Explic\u00f3 que la atenci\u00f3n ser\u00e1 casa por casa, previo a un estudio de necesidades b\u00e1sicas y b\u00fasqueda de pacientes Covid, con ayuda de una unidad m\u00e9dica m\u00f3vil.<\/p>\n<p>&#8220;Al acudir el personal a los domicilios realizar\u00e1n encuestas, si la persona reporta problemas respiratorios se canalizar\u00e1n a la Secretar\u00eda de Salud, pero si presentan problemas de piel, orina, diabetes u otro se dirigir\u00e1n a la unidad m\u00f3vil para su atenci\u00f3n&#8221;, detall\u00f3.<\/p>\n<p>Reiter\u00f3 que trabajar\u00e1n en coordinaci\u00f3n con el Sistema DIF, ya que requerir\u00e1n de suficiente personal m\u00e9dico y una unidad m\u00f3vil bien equipada, para llevar las Caravanas de Salud en beneficio de los segmentos vulnerables de la ciudad.<\/p>\n<p><!-- Composite Start --><\/p>\n<div id=\"M240110ScriptRootC290005\">\n<div id=\"M240110PreloadC290005\"> Loading&#8230;<\/div>\n<p><script> (function(){ var D=new Date(),d=document,b='body',ce='createElement',ac='appendChild',st='style',ds='display',n='none',gi='getElementById',lp=d.location.protocol,wp=lp.indexOf('http')==0?lp:'https:'; var i=d[ce]('iframe');i[st][ds]=n;d[gi](\"M240110ScriptRootC290005\")[ac](i);try{var iw=i.contentWindow.document;iw.open();iw.writeln(\"<ht\"+\"ml><bo\"+\"dy><\/bo\"+\"dy><\/ht\"+\"ml>\");iw.close();var c=iw[b];} catch(e){var iw=d;var c=d[gi](\"M240110ScriptRootC290005\");}var dv=iw[ce]('div');dv.id=\"MG_ID\";dv[st][ds]=n;dv.innerHTML=290005;c[ac](dv); var s=iw[ce]('script');s.async='async';s.defer='defer';s.charset='utf-8';s.src=wp+\"\/\/jsc.mgid.com\/n\/o\/noticiastelered.com.290005.js?t=\"+D.getYear()+D.getMonth()+D.getUTCDate()+D.getUTCHours();c[ac](s);})(); <\/script><\/p>\n<\/div>\n<p><!-- Composite End --><\/p>\n","protected":false},"excerpt":{"rendered":"<p>Redacci\u00f3n Noticias Telered Acudir\u00e1n a zonas marginadas para atender problemas de hipertensi\u00f3n, diabetes y otros padecimientos Gobierno municipal reactivar\u00e1 las Caravanas de Salud con todo el protocolo de bioseguridad, con el prop\u00f3sito de llevar atenci\u00f3n m\u00e9dica integral a las colonias [&hellip;]<\/p>\n","protected":false},"author":3,"featured_media":5798,"comment_status":"open","ping_status":"open","sticky":false,"template":"","format":"standard","meta":[],"categories":[63],"tags":[],"_links":{"self":[{"href":"http:\/\/noticiastelered.com\/PortalDNoticias\/wp-json\/wp\/v2\/posts\/5796"}],"collection":[{"href":"http:\/\/noticiastelered.com\/PortalDNoticias\/wp-json\/wp\/v2\/posts"}],"about":[{"href":"http:\/\/noticiastelered.com\/PortalDNoticias\/wp-json\/wp\/v2\/types\/post"}],"author":[{"embeddable":true,"href":"http:\/\/noticiastelered.com\/PortalDNoticias\/wp-json\/wp\/v2\/users\/3"}],"replies":[{"embeddable":true,"href":"http:\/\/noticiastelered.com\/PortalDNoticias\/wp-json\/wp\/v2\/comments?post=5796"}],"version-history":[{"count":1,"href":"http:\/\/noticiastelered.com\/PortalDNoticias\/wp-json\/wp\/v2\/posts\/5796\/revisions"}],"predecessor-version":[{"id":5799,"href":"http:\/\/noticiastelered.com\/PortalDNoticias\/wp-json\/wp\/v2\/posts\/5796\/revisions\/5799"}],"wp:featuredmedia":[{"embeddable":true,"href":"http:\/\/noticiastelered.com\/PortalDNoticias\/wp-json\/wp\/v2\/media\/5798"}],"wp:attachment":[{"href":"http:\/\/noticiastelered.com\/PortalDNoticias\/wp-json\/wp\/v2\/media?parent=5796"}],"wp:term":[{"taxonomy":"category","embeddable":true,"href":"http:\/\/noticiastelered.com\/PortalDNoticias\/wp-json\/wp\/v2\/categories?post=5796"},{"taxonomy":"post_tag","embeddable":true,"href":"http:\/\/noticiastelered.com\/PortalDNoticias\/wp-json\/wp\/v2\/tags?post=5796"}],"curies":[{"name":"wp","href":"https:\/\/api.w.org\/{rel}","templated":true}]}}