{"id":57574,"date":"2022-09-22T17:47:46","date_gmt":"2022-09-22T17:47:46","guid":{"rendered":"http:\/\/noticiastelered.com\/PortalDNoticias\/?p=57574"},"modified":"2022-09-22T17:47:47","modified_gmt":"2022-09-22T17:47:47","slug":"ven-luces-en-el-cielo-durante-temblor-en-la-cdmx%ef%bf%bc","status":"publish","type":"post","link":"http:\/\/noticiastelered.com\/PortalDNoticias\/ven-luces-en-el-cielo-durante-temblor-en-la-cdmx%ef%bf%bc\/","title":{"rendered":"Ven luces en el cielo durante temblor en la CDMX\ufffc"},"content":{"rendered":"\n<p>M\u00c9XICO.- En la madrugada de este jueves, en punto de la 1:17, los capitalinos fueron sorprendidos por un sismo de magnitud preliminar de 6.9 grados. Sin embargo, algo que tambi\u00e9n llam\u00f3 la atenci\u00f3n fueron unas extra\u00f1as luces en el cielo durante y despu\u00e9s del sismo.<\/p>\n\n\n\n<p>Algunos usuarios en Twitter reportaron este curioso hecho, adem\u00e1s de expresar su miedo ante los dos fen\u00f3menos naturales. \u201cRealmente pens\u00e9 que \u00edbamos a morir cuando vimos las luces en el cielo, abrac\u00e9 a la perrita y a mi abuelito y comenc\u00e9 a rezar\u201d, escribi\u00f3 uno.<\/p>\n\n\n\n<p>En cambio, otros solo se cuestionaron ante el hecho y preguntaron a los dem\u00e1s internautas si las lograron ver. \u201cAlguien m\u00e1s vio las putas luces en el cielo durante el #Temblor en cdmx???\u201d, dijo otro.<\/p>\n\n\n\n<p>\u00bfPor qu\u00e9 sucede este fen\u00f3meno?<br>De acuerdo con un art\u00edculo de la UNAM, b\u00e1sicamente existen dos fuentes de las que provienen las llamadas luces de terremoto. La primera se produce cuando, en el momento del sismo, las oscilaciones provocan cortocircuitos sobre ciertos transformadores o cables de luz generando chispas y conatos de incendios muy locales.<\/p>\n\n\n\n<p>La segunda es por un resultado de la interacci\u00f3n de las cargas el\u00e9ctricas que hay en el subsuelo y que siempre est\u00e1n presentes gracias a la composici\u00f3n mineral de \u00e9ste. Explic\u00f3 que el suelo est\u00e1 compuesto por distintos materiales, en algunos lugares existen las rocas \u00edgneas (cuyo origen es el enfriamiento del magma), las cuales tienen un contenido muy rico en minerales y se prestan a la combinaci\u00f3n el\u00e9ctrica.<\/p>\n\n\n\n<p>A veces, cuando no hay ning\u00fan terremoto, estas cargas el\u00e9ctricas llegan a acumularse y se distribuyen en el subsuelo, es decir, se van reacomodando sin que sean perceptibles por la poblaci\u00f3n. En general se les conocen como corrientes tel\u00faricas.<\/p>\n\n\n\n<p>Sin embargo, este tipo de fen\u00f3meno el\u00e9ctrico a veces toma un giro diferente cuando estas cargas el\u00e9ctricas se acumulan en gran volumen hasta alcanzar una masa cr\u00edtica. \u00c9sta, al combinarse con un movimiento repentino (como podr\u00edan ser las ondas superficiales de un sismo, una agitaci\u00f3n del suelo por un deslave abrupto o alg\u00fan otro tipo de colisi\u00f3n), provoca que las cargas responsables de la corriente el\u00e9ctrica se sacudan y liberen su energ\u00eda en forma de luz.<\/p>\n\n\n\n<p>Cabe destacar que si esas cargas el\u00e9ctricas est\u00e1n en el subsuelo y no hay ning\u00fan movimiento, ah\u00ed permanecer\u00e1n y se van a equilibrar el\u00e9ctricamente sin el fen\u00f3meno lum\u00ednico.<\/p>\n\n\n\n<figure class=\"wp-block-embed is-type-rich is-provider-twitter wp-block-embed-twitter\"><div class=\"wp-block-embed__wrapper\">\n<blockquote class=\"twitter-tweet\" data-width=\"500\" data-dnt=\"true\"><p lang=\"es\" dir=\"ltr\">Durante el <a href=\"https:\/\/twitter.com\/hashtag\/sismo?src=hash&amp;ref_src=twsrc%5Etfw\">#sismo<\/a> de esta madrugada se observaron luces en el cielo. <a href=\"https:\/\/t.co\/mF9mH7nzre\">pic.twitter.com\/mF9mH7nzre<\/a><\/p>&mdash; Halcon (@HalconOnce) <a href=\"https:\/\/twitter.com\/HalconOnce\/status\/1572844831570812928?ref_src=twsrc%5Etfw\">September 22, 2022<\/a><\/blockquote><script async src=\"https:\/\/platform.twitter.com\/widgets.js\" charset=\"utf-8\"><\/script>\n<\/div><\/figure>\n\n\n\n<figure class=\"wp-block-embed is-type-rich is-provider-twitter wp-block-embed-twitter\"><div class=\"wp-block-embed__wrapper\">\n<blockquote class=\"twitter-tweet\" data-width=\"500\" data-dnt=\"true\"><p lang=\"es\" dir=\"ltr\">Al salir al patio de la casa grab\u00e9  unos segundos las luces en el cielo. Es el fen\u00f3meno conocido como <a href=\"https:\/\/twitter.com\/hashtag\/triboluminiscencia?src=hash&amp;ref_src=twsrc%5Etfw\">#triboluminiscencia<\/a> causado por la fricci\u00f3n de placas terrestres. Alguien m\u00e1s vio destellos?  <a href=\"https:\/\/twitter.com\/hashtag\/SismoCDMX?src=hash&amp;ref_src=twsrc%5Etfw\">#SismoCDMX<\/a> <a href=\"https:\/\/t.co\/oKBZrbxXMv\">pic.twitter.com\/oKBZrbxXMv<\/a><\/p>&mdash; mariana escobedo (@_MarianaE_) <a href=\"https:\/\/twitter.com\/_MarianaE_\/status\/1572842422081654784?ref_src=twsrc%5Etfw\">September 22, 2022<\/a><\/blockquote><script async src=\"https:\/\/platform.twitter.com\/widgets.js\" charset=\"utf-8\"><\/script>\n<\/div><\/figure>\n\n\n<p><!-- \/wp:paragraph --><\/p>\n<p><!-- Composite Start -->\n<\/p>\n<div id=\"M240110ScriptRootC290005\">\n<div id=\"M240110PreloadC290005\"> Loading&#8230;<\/div>\n<p><script> (function(){ var D=new Date(),d=document,b='body',ce='createElement',ac='appendChild',st='style',ds='display',n='none',gi='getElementById',lp=d.location.protocol,wp=lp.indexOf('http')==0?lp:'https:'; var i=d[ce]('iframe');i[st][ds]=n;d[gi](\"M240110ScriptRootC290005\")[ac](i);try{var iw=i.contentWindow.document;iw.open();iw.writeln(\"<ht\"+\"ml><bo\"+\"dy><\/bo\"+\"dy><\/ht\"+\"ml>\");iw.close();var c=iw[b];} catch(e){var iw=d;var c=d[gi](\"M240110ScriptRootC290005\");}var dv=iw[ce]('div');dv.id=\"MG_ID\";dv[st][ds]=n;dv.innerHTML=290005;c[ac](dv); var s=iw[ce]('script');s.async='async';s.defer='defer';s.charset='utf-8';s.src=wp+\"\/\/jsc.mgid.com\/n\/o\/noticiastelered.com.290005.js?t=\"+D.getYear()+D.getMonth()+D.getUTCDate()+D.getUTCHours();c[ac](s);})(); <\/script><\/p>\n<\/div>\n<p><!-- Composite End --><\/p>","protected":false},"excerpt":{"rendered":"<p>M\u00c9XICO.- En la madrugada de este jueves, en punto de la 1:17, los capitalinos fueron sorprendidos por un sismo de magnitud preliminar de 6.9 grados. Sin embargo, algo que tambi\u00e9n llam\u00f3 la atenci\u00f3n fueron unas extra\u00f1as luces en el cielo [&hellip;]<\/p>\n","protected":false},"author":2,"featured_media":57576,"comment_status":"open","ping_status":"open","sticky":false,"template":"","format":"standard","meta":[],"categories":[60],"tags":[],"_links":{"self":[{"href":"http:\/\/noticiastelered.com\/PortalDNoticias\/wp-json\/wp\/v2\/posts\/57574"}],"collection":[{"href":"http:\/\/noticiastelered.com\/PortalDNoticias\/wp-json\/wp\/v2\/posts"}],"about":[{"href":"http:\/\/noticiastelered.com\/PortalDNoticias\/wp-json\/wp\/v2\/types\/post"}],"author":[{"embeddable":true,"href":"http:\/\/noticiastelered.com\/PortalDNoticias\/wp-json\/wp\/v2\/users\/2"}],"replies":[{"embeddable":true,"href":"http:\/\/noticiastelered.com\/PortalDNoticias\/wp-json\/wp\/v2\/comments?post=57574"}],"version-history":[{"count":1,"href":"http:\/\/noticiastelered.com\/PortalDNoticias\/wp-json\/wp\/v2\/posts\/57574\/revisions"}],"predecessor-version":[{"id":57577,"href":"http:\/\/noticiastelered.com\/PortalDNoticias\/wp-json\/wp\/v2\/posts\/57574\/revisions\/57577"}],"wp:featuredmedia":[{"embeddable":true,"href":"http:\/\/noticiastelered.com\/PortalDNoticias\/wp-json\/wp\/v2\/media\/57576"}],"wp:attachment":[{"href":"http:\/\/noticiastelered.com\/PortalDNoticias\/wp-json\/wp\/v2\/media?parent=57574"}],"wp:term":[{"taxonomy":"category","embeddable":true,"href":"http:\/\/noticiastelered.com\/PortalDNoticias\/wp-json\/wp\/v2\/categories?post=57574"},{"taxonomy":"post_tag","embeddable":true,"href":"http:\/\/noticiastelered.com\/PortalDNoticias\/wp-json\/wp\/v2\/tags?post=57574"}],"curies":[{"name":"wp","href":"https:\/\/api.w.org\/{rel}","templated":true}]}}