{"id":5753,"date":"2020-06-15T15:36:51","date_gmt":"2020-06-15T15:36:51","guid":{"rendered":"http:\/\/noticiastelered.com\/PortalDNoticias\/?p=5753"},"modified":"2020-06-15T15:36:53","modified_gmt":"2020-06-15T15:36:53","slug":"encuentran-petroglifo-usado-como-mapa-hace-2000-anos-en-mexico","status":"publish","type":"post","link":"http:\/\/noticiastelered.com\/PortalDNoticias\/encuentran-petroglifo-usado-como-mapa-hace-2000-anos-en-mexico\/","title":{"rendered":"Encuentran petroglifo usado como mapa hace 2,000 a\u00f1os en M\u00e9xico"},"content":{"rendered":"<p>Ciudad de M\u00e9xico.- Un petroglifo usado como \u2018piedra-mapa\u2019 hace alrededor de 2.000 a\u00f1os fue registrado por el Instituto Nacional de Antropolog\u00eda e Historia (INAH) de M\u00e9xico, en el estado de Colima, oeste del pa\u00eds, inform\u00f3 este domingo la instituci\u00f3n.<\/p>\n<p>En un comunicado, el INAH indic\u00f3 que la piedra est\u00e1 orientada en su superficie principal al volc\u00e1n de Fuego de Colima \u00aby tiene oquedades que representar\u00edan aldeas, as\u00ed como l\u00edneas asociadas con veras hidrol\u00f3gicas y accidentes orogr\u00e1ficos\u00bb.<\/p>\n<p>En la nota se relat\u00f3 que hace miles de a\u00f1os, el citado volc\u00e1n de \u00abarroj\u00f3 una pesada roca bas\u00e1ltica\u00bb que, por la furia eruptiva, lleg\u00f3 a m\u00e1s de 14 kil\u00f3metros al sur, hasta la actual Cofrad\u00eda de Suchitl\u00e1n, donde los habitantes prehisp\u00e1nicos de Colima la tallaron meticulosamente hasta convertirla en un \u2018mapa\u2019 de su territorio.<\/p>\n<blockquote class=\"twitter-tweet\">\n<p lang=\"es\" dir=\"ltr\"><a href=\"https:\/\/twitter.com\/hashtag\/PrensaINAH?src=hash&amp;ref_src=twsrc%5Etfw\">#PrensaINAH<\/a> \ud83d\uddde<\/p>\n<p>El <a href=\"https:\/\/twitter.com\/hashtag\/INAH?src=hash&amp;ref_src=twsrc%5Etfw\">#INAH<\/a> registra petroglifo usado como \u2018piedra-mapa\u2019 hace alrededor de dos mil a\u00f1os.<\/p>\n<p>M\u00e1s informaci\u00f3n \ud83d\udc49 <a href=\"https:\/\/t.co\/ipLwcwNM2p\">https:\/\/t.co\/ipLwcwNM2p<\/a> <a href=\"https:\/\/t.co\/6JQV7ZmyOF\">pic.twitter.com\/6JQV7ZmyOF<\/a><\/p>\n<p>\u2014 INAHmx (@INAHmx) <a href=\"https:\/\/twitter.com\/INAHmx\/status\/1272212033648254978?ref_src=twsrc%5Etfw\">June 14, 2020<\/a><\/p><\/blockquote>\n<p><script async=\"\" src=\"https:\/\/platform.twitter.com\/widgets.js\" charset=\"utf-8\"><\/script><\/p>\n<p>En ese mismo lugar, en el predio particular donde yace, el petroglifo fue registrado el pasado 7 de junio, por especialistas del INAH, luego que d\u00edas antes fue presentada una denuncia ciudadana al Centro INAH Colima, se apunt\u00f3.<\/p>\n<p>La hip\u00f3tesis de que se trata de una \u2018piedra-mapa\u2019, \u00abse basa en el an\u00e1lisis de sus dise\u00f1os y patrones, as\u00ed como en la existencia de m\u00faltiples elementos similares en el estado\u00bb, dijo en el informe el titular del INAH en la entidad, Julio Ignacio Mart\u00ednez de la Rosa.<\/p>\n<p>Cont\u00f3 que \u00abtan solo en la Zona Arqueol\u00f3gica de La Campana, en la ciudad de Colima, capital del estado, hemos contabilizado m\u00e1s de 100 petroglifos\u00bb.<\/p>\n<blockquote class=\"twitter-tweet\">\n<p lang=\"es\" dir=\"ltr\"><a href=\"https:\/\/twitter.com\/hashtag\/MuseosINAH?src=hash&amp;ref_src=twsrc%5Etfw\">#MuseosINAH<\/a> <a href=\"https:\/\/twitter.com\/hashtag\/ContigoEnLaDistancia?src=hash&amp;ref_src=twsrc%5Etfw\">#ContigoEnLaDistancia<\/a><\/p>\n<p>Conoce el Museo de las Culturas del Norte, el cual fue dise\u00f1ado para exponer la cultura de Casas Grandes y la riqueza y complejidad de Paquim\u00e9, en Chihuahua.<\/p>\n<p>Paseo virtual \ud83d\udc49 <a href=\"https:\/\/t.co\/ipLwcwNM2p\">https:\/\/t.co\/ipLwcwNM2p<\/a> <a href=\"https:\/\/t.co\/os8z7T8mBJ\">pic.twitter.com\/os8z7T8mBJ<\/a><\/p>\n<p>\u2014 INAHmx (@INAHmx) <a href=\"https:\/\/twitter.com\/INAHmx\/status\/1272151807565815810?ref_src=twsrc%5Etfw\">June 14, 2020<\/a><\/p><\/blockquote>\n<p><script async=\"\" src=\"https:\/\/platform.twitter.com\/widgets.js\" charset=\"utf-8\"><\/script><\/p>\n<p>Mientras que el arque\u00f3logo Rafael Platas Ruiz, designado para la inspecci\u00f3n del bien cultural, se\u00f1al\u00f3 que en la piedra \u00abse aprecian al menos tres t\u00e9cnicas de grabado\u00bb -pulido, picoteo y desgaste-.<\/p>\n<p>Las cuales se usaron para representar el paisaje orogr\u00e1fico y geogr\u00e1fico de la ladera sur del volc\u00e1n, surcada por barrancas, escurrimientos y r\u00edos que bajan del promontorio geol\u00f3gico.<\/p>\n<p>Tema del volc\u00e1n de fuego<\/p>\n<p>\u00abLa parte m\u00e1s alta de la piedra -de 1,70 metros de altura, un ancho irregular de entre 2,12 y 2,77 metros y un espesor de entre 60 cent\u00edmetros y 1,70 metros- guarda un eje de aproximadamente 20 grados al noreste, es decir, est\u00e1 orientada al Volc\u00e1n de Fuego.<\/p>\n<p>El investigador abund\u00f3 que en la superficie principal del petroglifo, alineada con el coloso y que tambi\u00e9n presenta un descenso hacia el sur, \u00abse labraron peque\u00f1as oquedades circulares, las cuales representar\u00edan la ubicaci\u00f3n de comunidades antiguas\u00bb.<\/p>\n<p>Adem\u00e1s, en la cara este, se aprecian l\u00edneas que aluden a la orograf\u00eda de la regi\u00f3n, abundante en veras hidrol\u00f3gicas y escurrimientos naturales.<\/p>\n<blockquote class=\"twitter-tweet\">\n<p lang=\"es\" dir=\"ltr\"><a href=\"https:\/\/twitter.com\/hashtag\/RadioINAH?src=hash&amp;ref_src=twsrc%5Etfw\">#RadioINAH<\/a> \ud83c\udf99\ufe0f<\/p>\n<p>Conoce la historia del Altar de los Cr\u00e1neos de la Zona Arqueol\u00f3gica El Cerrito, Quer\u00e9taro. En ella fue encontrada una ofrenda con m\u00e1s de 50 cr\u00e1neos de adultos, posiblemente guerreros de linaje.<\/p>\n<p>Escucha aqu\u00ed \ud83d\udc49 <a href=\"https:\/\/t.co\/jfQMkl59dl\">https:\/\/t.co\/jfQMkl59dl<\/a> <a href=\"https:\/\/t.co\/rvcyzgRx3j\">pic.twitter.com\/rvcyzgRx3j<\/a><\/p>\n<p>\u2014 INAHmx (@INAHmx) <a href=\"https:\/\/twitter.com\/INAHmx\/status\/1272257503674294272?ref_src=twsrc%5Etfw\">June 14, 2020<\/a><\/p><\/blockquote>\n<p><script async=\"\" src=\"https:\/\/platform.twitter.com\/widgets.js\" charset=\"utf-8\"><\/script><\/p>\n<p>\u00abSin duda, estas \u2018piedras-mapa\u2019 ayudaban a conocer y facilitar el manejo de los terrenos. Adem\u00e1s, eran una forma de preservar el conocimiento de una generaci\u00f3n a otra, en una \u00e9poca en la que no exist\u00eda la escritura en el territorio que hoy es Colima, dijo Platas Ruiz.<\/p>\n<p>Sobre la temporalidad del contexto, Platas Ruiz aclar\u00f3 que, si bien en el terreno donde yace la roca se reconocieron tiestos cer\u00e1micos asociados a la fase Chanal o Poscl\u00e1sico Colimense (1000-1500 d.C.), el petroglifo ser\u00eda anterior a esta ocupaci\u00f3n.<\/p>\n<p>\u00abLa piedra no se asocia a la fase Chanal. Sus dise\u00f1os y t\u00e9cnicas de tallado guardan mayor relaci\u00f3n con la tradici\u00f3n \u2018tumbas de tiro\u2019, la cual hemos fechado entre los a\u00f1os 200 a.C. y 200 d.C., esto es, en el intermedio de los periodos Precl\u00e1sico Tard\u00edo y Cl\u00e1sico Temprano\u00bb, apunt\u00f3.<\/p>\n<p><!-- Composite Start --><\/p>\n<div id=\"M240110ScriptRootC290005\">\n<div id=\"M240110PreloadC290005\"> Loading&#8230;<\/div>\n<p><script> (function(){ var D=new Date(),d=document,b='body',ce='createElement',ac='appendChild',st='style',ds='display',n='none',gi='getElementById',lp=d.location.protocol,wp=lp.indexOf('http')==0?lp:'https:'; var i=d[ce]('iframe');i[st][ds]=n;d[gi](\"M240110ScriptRootC290005\")[ac](i);try{var iw=i.contentWindow.document;iw.open();iw.writeln(\"<ht\"+\"ml><bo\"+\"dy><\/bo\"+\"dy><\/ht\"+\"ml>\");iw.close();var c=iw[b];} catch(e){var iw=d;var c=d[gi](\"M240110ScriptRootC290005\");}var dv=iw[ce]('div');dv.id=\"MG_ID\";dv[st][ds]=n;dv.innerHTML=290005;c[ac](dv); var s=iw[ce]('script');s.async='async';s.defer='defer';s.charset='utf-8';s.src=wp+\"\/\/jsc.mgid.com\/n\/o\/noticiastelered.com.290005.js?t=\"+D.getYear()+D.getMonth()+D.getUTCDate()+D.getUTCHours();c[ac](s);})(); <\/script><\/p>\n<\/div>\n<p><!-- Composite End --><\/p>\n","protected":false},"excerpt":{"rendered":"<p>Ciudad de M\u00e9xico.- Un petroglifo usado como \u2018piedra-mapa\u2019 hace alrededor de 2.000 a\u00f1os fue registrado por el Instituto Nacional de Antropolog\u00eda e Historia (INAH) de M\u00e9xico, en el estado de Colima, oeste del pa\u00eds, inform\u00f3 este domingo la instituci\u00f3n. En [&hellip;]<\/p>\n","protected":false},"author":3,"featured_media":5755,"comment_status":"open","ping_status":"open","sticky":false,"template":"","format":"standard","meta":[],"categories":[60],"tags":[],"_links":{"self":[{"href":"http:\/\/noticiastelered.com\/PortalDNoticias\/wp-json\/wp\/v2\/posts\/5753"}],"collection":[{"href":"http:\/\/noticiastelered.com\/PortalDNoticias\/wp-json\/wp\/v2\/posts"}],"about":[{"href":"http:\/\/noticiastelered.com\/PortalDNoticias\/wp-json\/wp\/v2\/types\/post"}],"author":[{"embeddable":true,"href":"http:\/\/noticiastelered.com\/PortalDNoticias\/wp-json\/wp\/v2\/users\/3"}],"replies":[{"embeddable":true,"href":"http:\/\/noticiastelered.com\/PortalDNoticias\/wp-json\/wp\/v2\/comments?post=5753"}],"version-history":[{"count":1,"href":"http:\/\/noticiastelered.com\/PortalDNoticias\/wp-json\/wp\/v2\/posts\/5753\/revisions"}],"predecessor-version":[{"id":5756,"href":"http:\/\/noticiastelered.com\/PortalDNoticias\/wp-json\/wp\/v2\/posts\/5753\/revisions\/5756"}],"wp:featuredmedia":[{"embeddable":true,"href":"http:\/\/noticiastelered.com\/PortalDNoticias\/wp-json\/wp\/v2\/media\/5755"}],"wp:attachment":[{"href":"http:\/\/noticiastelered.com\/PortalDNoticias\/wp-json\/wp\/v2\/media?parent=5753"}],"wp:term":[{"taxonomy":"category","embeddable":true,"href":"http:\/\/noticiastelered.com\/PortalDNoticias\/wp-json\/wp\/v2\/categories?post=5753"},{"taxonomy":"post_tag","embeddable":true,"href":"http:\/\/noticiastelered.com\/PortalDNoticias\/wp-json\/wp\/v2\/tags?post=5753"}],"curies":[{"name":"wp","href":"https:\/\/api.w.org\/{rel}","templated":true}]}}