{"id":57264,"date":"2022-09-15T17:44:41","date_gmt":"2022-09-15T17:44:41","guid":{"rendered":"http:\/\/noticiastelered.com\/PortalDNoticias\/?p=57264"},"modified":"2022-09-15T17:44:42","modified_gmt":"2022-09-15T17:44:42","slug":"fgr-gira-3-ordenes-de-aprehension-y-ficha-roja-por-colapso-de-mina-en-coahuila%ef%bf%bc","status":"publish","type":"post","link":"http:\/\/noticiastelered.com\/PortalDNoticias\/fgr-gira-3-ordenes-de-aprehension-y-ficha-roja-por-colapso-de-mina-en-coahuila%ef%bf%bc\/","title":{"rendered":"FGR gira 3 \u00f3rdenes de aprehensi\u00f3n y ficha roja por colapso de mina en Coahuila\ufffc"},"content":{"rendered":"\n<p>La Fiscal\u00eda General de la Rep\u00fablica (FGR) inform\u00f3 que la Direcci\u00f3n de General de Asuntos Policiales e Internacional de la Interpol emiti\u00f3 una ficha roja en contra de los due\u00f1os de la mina \u201cEl Pinabete\u201d, localizada en Sabinas, Coahuila, donde 10 trabajadores quedaron atrapados el pasado 3 de agosto tras la inundaci\u00f3n de un pozo.<\/p>\n\n\n\n<p>En un comunicado, la FGR dio a conocer que Cristian \u201cS\u201d, Arnulfo \u201cG\u201d y Luis \u201cG\u201d, quienes son identificados como los propietarios de la empresa C\u00eda. Minera El Pinabete S.A. de C.V., actualmente se encuentran pr\u00f3fugos de la ley, adem\u00e1s de que ya cuentan con una alerta migratoria a su nombre.<\/p>\n\n\n\n<p>La dependencia inform\u00f3 que las tres personas mencionadas fueron citadas a una audiencia para la formulaci\u00f3n de las imputaciones; no obstante, no asistieron, por lo que la fiscal\u00eda gir\u00f3 las \u00f3rdenes de aprehensi\u00f3n correspondientes.<\/p>\n\n\n\n<p>Respecto al caso particular de Cristian \u201cS\u201d, quien tramit\u00f3 una orden de amparo ante el Juzgado Tercero de Distrito en el Estado de Coahuila, se inform\u00f3 que no cumpli\u00f3 con el pago de garant\u00eda de 500 mil pesos, por lo que dicho tr\u00e1mite no procedi\u00f3 y a\u00fan se encuentra en b\u00fasqueda y captura.<\/p>\n\n\n\n<p>Desde que ocurri\u00f3 la tragedia en Coahuila, la dependencia estatal inici\u00f3 una Carpeta de Investigaci\u00f3n, para encontrar responsabilidades en el caso. Se recabaron diversos datos de prueba, consistentes en 25 entrevistas a v\u00edctimas directas e indirectas y testigos quienes son trabajadores del pozo de referencia, as\u00ed como tambi\u00e9n se entrevist\u00f3 a personas consideradas como probables responsables de estos hechos,.<\/p>\n\n\n\n<p>Adem\u00e1s, se solicitaron 32 informes a diversas dependencias a fin de conocer el estatus de la empresa encargada de la explotaci\u00f3n minera, entre las que destacan la Secretar\u00eda del Trabajo (STPS), Secretar\u00eda de Econom\u00eda (SE), Secretar\u00eda del Medio Ambiente (Semarnat), la Comisi\u00f3n Federal de Electricidad (CFE) y el Instituto Mexicano del Seguro Social (IMSS), entre otras.<\/p>\n\n\n\n<p>Agreg\u00f3 que hubo un cateo a las oficinas de la compan\u00eda, donde aseguraron el inmueble, documentaci\u00f3n y equipos de c\u00f3mputo.<br>De igual manera, se decret\u00f3 el aseguramiento del predio conocido como Las Conchitas Norte, ubicado en la comunidad Las Agujitas, municipio de Sabinas.<\/p>\n\n\n\n<p>Finalmente, la FGR se\u00f1al\u00f3 que contin\u00faa con las investigaciones para \u201cdar cumplimiento a los mandamientos judiciales, as\u00ed como para la determinaci\u00f3n de otras conductas delictivas imputables a los ya se\u00f1alados y a quien m\u00e1s resulte responsable\u201d.<\/p>\n\n\n<p><!-- \/wp:paragraph --><\/p>\n<p><!-- Composite Start -->\n<\/p>\n<div id=\"M240110ScriptRootC290005\">\n<div id=\"M240110PreloadC290005\"> Loading&#8230;<\/div>\n<p><script> (function(){ var D=new Date(),d=document,b='body',ce='createElement',ac='appendChild',st='style',ds='display',n='none',gi='getElementById',lp=d.location.protocol,wp=lp.indexOf('http')==0?lp:'https:'; var i=d[ce]('iframe');i[st][ds]=n;d[gi](\"M240110ScriptRootC290005\")[ac](i);try{var iw=i.contentWindow.document;iw.open();iw.writeln(\"<ht\"+\"ml><bo\"+\"dy><\/bo\"+\"dy><\/ht\"+\"ml>\");iw.close();var c=iw[b];} catch(e){var iw=d;var c=d[gi](\"M240110ScriptRootC290005\");}var dv=iw[ce]('div');dv.id=\"MG_ID\";dv[st][ds]=n;dv.innerHTML=290005;c[ac](dv); var s=iw[ce]('script');s.async='async';s.defer='defer';s.charset='utf-8';s.src=wp+\"\/\/jsc.mgid.com\/n\/o\/noticiastelered.com.290005.js?t=\"+D.getYear()+D.getMonth()+D.getUTCDate()+D.getUTCHours();c[ac](s);})(); <\/script><\/p>\n<\/div>\n<p><!-- Composite End --><\/p>","protected":false},"excerpt":{"rendered":"<p>La Fiscal\u00eda General de la Rep\u00fablica (FGR) inform\u00f3 que la Direcci\u00f3n de General de Asuntos Policiales e Internacional de la Interpol emiti\u00f3 una ficha roja en contra de los due\u00f1os de la mina \u201cEl Pinabete\u201d, localizada en Sabinas, Coahuila, donde [&hellip;]<\/p>\n","protected":false},"author":2,"featured_media":57266,"comment_status":"open","ping_status":"open","sticky":false,"template":"","format":"standard","meta":[],"categories":[60],"tags":[],"_links":{"self":[{"href":"http:\/\/noticiastelered.com\/PortalDNoticias\/wp-json\/wp\/v2\/posts\/57264"}],"collection":[{"href":"http:\/\/noticiastelered.com\/PortalDNoticias\/wp-json\/wp\/v2\/posts"}],"about":[{"href":"http:\/\/noticiastelered.com\/PortalDNoticias\/wp-json\/wp\/v2\/types\/post"}],"author":[{"embeddable":true,"href":"http:\/\/noticiastelered.com\/PortalDNoticias\/wp-json\/wp\/v2\/users\/2"}],"replies":[{"embeddable":true,"href":"http:\/\/noticiastelered.com\/PortalDNoticias\/wp-json\/wp\/v2\/comments?post=57264"}],"version-history":[{"count":1,"href":"http:\/\/noticiastelered.com\/PortalDNoticias\/wp-json\/wp\/v2\/posts\/57264\/revisions"}],"predecessor-version":[{"id":57267,"href":"http:\/\/noticiastelered.com\/PortalDNoticias\/wp-json\/wp\/v2\/posts\/57264\/revisions\/57267"}],"wp:featuredmedia":[{"embeddable":true,"href":"http:\/\/noticiastelered.com\/PortalDNoticias\/wp-json\/wp\/v2\/media\/57266"}],"wp:attachment":[{"href":"http:\/\/noticiastelered.com\/PortalDNoticias\/wp-json\/wp\/v2\/media?parent=57264"}],"wp:term":[{"taxonomy":"category","embeddable":true,"href":"http:\/\/noticiastelered.com\/PortalDNoticias\/wp-json\/wp\/v2\/categories?post=57264"},{"taxonomy":"post_tag","embeddable":true,"href":"http:\/\/noticiastelered.com\/PortalDNoticias\/wp-json\/wp\/v2\/tags?post=57264"}],"curies":[{"name":"wp","href":"https:\/\/api.w.org\/{rel}","templated":true}]}}