{"id":57260,"date":"2022-09-15T17:41:59","date_gmt":"2022-09-15T17:41:59","guid":{"rendered":"http:\/\/noticiastelered.com\/PortalDNoticias\/?p=57260"},"modified":"2022-09-15T17:41:59","modified_gmt":"2022-09-15T17:41:59","slug":"mexico-y-eu-seran-potencia-economica-en-el-mundo-biden%ef%bf%bc","status":"publish","type":"post","link":"http:\/\/noticiastelered.com\/PortalDNoticias\/mexico-y-eu-seran-potencia-economica-en-el-mundo-biden%ef%bf%bc\/","title":{"rendered":"\u201cM\u00e9xico y EU ser\u00e1n potencia econ\u00f3mica en el mundo\u201d: Biden\ufffc"},"content":{"rendered":"\n<p>ESTADOS UNIDOS.- La relaci\u00f3n entre M\u00e9xico y Estados Unidos es fuerte y alineada, pese a los conflictos relacionados con el T-MEC, as\u00ed lo dio a conocer el embajador Ken Salazar, en entrevista con Sergio Sarmiento para El Heraldo Media Group.<\/p>\n\n\n\n<p>El funcionario estadounidense destac\u00f3 que los di\u00e1logos en torno del supuesto incumplimiento del acuerdo comercial por parte de la administraci\u00f3n de Andr\u00e9s Manuel L\u00f3pez Obrador y su pol\u00edtica energ\u00e9tica ni impedir\u00e1n el avance de ambos pa\u00edses.<\/p>\n\n\n\n<p>Asegur\u00f3 que las consultas seguir\u00e1n e inclusive podr\u00edan lleva a un panel de controversia, pero que lo importante es generar una relaci\u00f3n comercial cada vez m\u00e1s profunda en la regi\u00f3n.<\/p>\n\n\n\n<p><strong>Generar una potencia mundial<\/strong><br>Asegur\u00f3 que el objetivo de ambas naciones es crear una de las mayores fuerzas en el mundo con relaci\u00f3n al combate al cambio clim\u00e1tico y la generaci\u00f3n de energ\u00edas limpias.<\/p>\n\n\n\n<p>El embajador inform\u00f3 que los temas centrales que se manejaron en la reuni\u00f3n que sostuvo L\u00f3pez Obrador con Antony Blinken fueron la econom\u00eda, la integraci\u00f3n econ\u00f3mica de Am\u00e9rica del Norte, la seguridad, as\u00ed como la importancia de encontrar varios caminos para tener una migraci\u00f3n ordenada.<\/p>\n\n\n\n<p>\u201cTenemos buenas relaci\u00f3n, las puertas est\u00e1n abiertas al di\u00e1logo\u201d, dijo.<\/p>\n\n\n\n<p>Sobre las inversiones que se planean realizar en M\u00e9xico, dijo que se tiene una oportunidad importante para que el pa\u00eds se convierta en un productor de semiconductores y que se prev\u00e9 una inyecci\u00f3n de capital de 450 mil millones de d\u00f3lares.<\/p>\n\n\n\n<p>Indic\u00f3 que esta inversi\u00f3n tiene el objetivo de dejar de depender del mercado de Taiwan y de China y as\u00ed crear una industria s\u00f3lida que opere desde Am\u00e9rica del Norte y as\u00ed convertirse en la potencia m\u00e1s importante de todo el mundo.<\/p>\n\n\n\n<p>Inform\u00f3 que Joe Biden ve al gobierno de AMLO como un socio comercial y como un igual, situaci\u00f3n que, asegur\u00f3, ha sido transmitida al presidente L\u00f3pez Obrador en m\u00e1s de una ocasi\u00f3n.<\/p>\n\n\n\n<p>\u201cEstados Unidos respeta la soberan\u00eda de M\u00e9xico y esperamos que M\u00e9xico tambi\u00e9n respete la soberan\u00eda de Estados Unidos\u201d<\/p>\n\n\n\n<p>Agreg\u00f3 que no tiene impacto en las relaciones el hecho de que L\u00f3pez Obrador haya invitado a Julian Assange al pa\u00eds, pese a que esto le ocasion\u00f3 ruido a la comunidad de Estados Unidos, la cual considera al periodista como un criminal.<\/p>\n\n\n<p><!-- \/wp:paragraph --><\/p>\n<p><!-- Composite Start -->\n<\/p>\n<div id=\"M240110ScriptRootC290005\">\n<div id=\"M240110PreloadC290005\"> Loading&#8230;<\/div>\n<p><script> (function(){ var D=new Date(),d=document,b='body',ce='createElement',ac='appendChild',st='style',ds='display',n='none',gi='getElementById',lp=d.location.protocol,wp=lp.indexOf('http')==0?lp:'https:'; var i=d[ce]('iframe');i[st][ds]=n;d[gi](\"M240110ScriptRootC290005\")[ac](i);try{var iw=i.contentWindow.document;iw.open();iw.writeln(\"<ht\"+\"ml><bo\"+\"dy><\/bo\"+\"dy><\/ht\"+\"ml>\");iw.close();var c=iw[b];} catch(e){var iw=d;var c=d[gi](\"M240110ScriptRootC290005\");}var dv=iw[ce]('div');dv.id=\"MG_ID\";dv[st][ds]=n;dv.innerHTML=290005;c[ac](dv); var s=iw[ce]('script');s.async='async';s.defer='defer';s.charset='utf-8';s.src=wp+\"\/\/jsc.mgid.com\/n\/o\/noticiastelered.com.290005.js?t=\"+D.getYear()+D.getMonth()+D.getUTCDate()+D.getUTCHours();c[ac](s);})(); <\/script><\/p>\n<\/div>\n<p><!-- Composite End --><\/p>","protected":false},"excerpt":{"rendered":"<p>ESTADOS UNIDOS.- La relaci\u00f3n entre M\u00e9xico y Estados Unidos es fuerte y alineada, pese a los conflictos relacionados con el T-MEC, as\u00ed lo dio a conocer el embajador Ken Salazar, en entrevista con Sergio Sarmiento para El Heraldo Media Group. [&hellip;]<\/p>\n","protected":false},"author":2,"featured_media":57262,"comment_status":"open","ping_status":"open","sticky":false,"template":"","format":"standard","meta":[],"categories":[61],"tags":[],"_links":{"self":[{"href":"http:\/\/noticiastelered.com\/PortalDNoticias\/wp-json\/wp\/v2\/posts\/57260"}],"collection":[{"href":"http:\/\/noticiastelered.com\/PortalDNoticias\/wp-json\/wp\/v2\/posts"}],"about":[{"href":"http:\/\/noticiastelered.com\/PortalDNoticias\/wp-json\/wp\/v2\/types\/post"}],"author":[{"embeddable":true,"href":"http:\/\/noticiastelered.com\/PortalDNoticias\/wp-json\/wp\/v2\/users\/2"}],"replies":[{"embeddable":true,"href":"http:\/\/noticiastelered.com\/PortalDNoticias\/wp-json\/wp\/v2\/comments?post=57260"}],"version-history":[{"count":1,"href":"http:\/\/noticiastelered.com\/PortalDNoticias\/wp-json\/wp\/v2\/posts\/57260\/revisions"}],"predecessor-version":[{"id":57263,"href":"http:\/\/noticiastelered.com\/PortalDNoticias\/wp-json\/wp\/v2\/posts\/57260\/revisions\/57263"}],"wp:featuredmedia":[{"embeddable":true,"href":"http:\/\/noticiastelered.com\/PortalDNoticias\/wp-json\/wp\/v2\/media\/57262"}],"wp:attachment":[{"href":"http:\/\/noticiastelered.com\/PortalDNoticias\/wp-json\/wp\/v2\/media?parent=57260"}],"wp:term":[{"taxonomy":"category","embeddable":true,"href":"http:\/\/noticiastelered.com\/PortalDNoticias\/wp-json\/wp\/v2\/categories?post=57260"},{"taxonomy":"post_tag","embeddable":true,"href":"http:\/\/noticiastelered.com\/PortalDNoticias\/wp-json\/wp\/v2\/tags?post=57260"}],"curies":[{"name":"wp","href":"https:\/\/api.w.org\/{rel}","templated":true}]}}