{"id":5722,"date":"2020-06-12T05:31:33","date_gmt":"2020-06-12T05:31:33","guid":{"rendered":"http:\/\/noticiastelered.com\/PortalDNoticias\/?p=5722"},"modified":"2020-06-12T05:32:24","modified_gmt":"2020-06-12T05:32:24","slug":"video-muere-hombre-tras-explosion-en-procesion-religiosa","status":"publish","type":"post","link":"http:\/\/noticiastelered.com\/PortalDNoticias\/video-muere-hombre-tras-explosion-en-procesion-religiosa\/","title":{"rendered":"VIDEO: Muere hombre tras explosi\u00f3n en procesi\u00f3n religiosa"},"content":{"rendered":"<p><iframe loading=\"lazy\" src=\"https:\/\/www.facebook.com\/plugins\/video.php?href=https%3A%2F%2Fwww.facebook.com%2FNoticiasTelered%2Fvideos%2F1179056459103494%2F&amp;show_text=0&amp;width=560\" width=\"560\" height=\"316\" style=\"border:none;overflow:hidden\" scrolling=\"no\" frameborder=\"0\" allowtransparency=\"true\" allowfullscreen=\"true\"><\/iframe><\/p>\n<p>Un hombre perdi\u00f3 la vida tras registrarse una explosi\u00f3n durante una procesi\u00f3n por el jueves de Corpus Christi en Macuspana, en tanto que un menor fue trasladado al Hospital Militar de Villahermosa.<\/p>\n<p>El coordinador de Protecci\u00f3n Civil de esa demarcacion, No\u00e9 L\u00f3pez Alejo, confirm\u00f3 que Sergio &#8216;N&#8217; de 68 a\u00f1os, que perdi\u00f3 una pierna en el lugar de los hechos, alcanz\u00f3 a llegar con vida al hospital de la demarcaci\u00f3n donde muri\u00f3 al poco tiempo.<\/p>\n<p>Detall\u00f3 que ambas v\u00edctimas iban en un triciclo y tiraban cohetes como parte del acto religioso, pero en un momento encendieron uno que no se elev\u00f3 y explot\u00f3 en la misma unidad, desatando la tragedia.<\/p>\n<p>Los hechos fueron captados en una trasmisi\u00f3n en vivo que realizaba la parroquia de San Isidro Labrador.<\/p>\n<blockquote class=\"twitter-tweet\">\n<p lang=\"es\" dir=\"ltr\"><a href=\"https:\/\/twitter.com\/hashtag\/Tabasco?src=hash&amp;ref_src=twsrc%5Etfw\">#Tabasco<\/a> | En <a href=\"https:\/\/twitter.com\/hashtag\/Macuspana?src=hash&amp;ref_src=twsrc%5Etfw\">#Macuspana<\/a> explota pirotecnia en triciclo durante procesi\u00f3n del <a href=\"https:\/\/twitter.com\/hashtag\/CorpusChristi?src=hash&amp;ref_src=twsrc%5Etfw\">#CorpusChristi<\/a>&#8230; Un ni\u00f1o y un adulto resultan gravemente heridos. <a href=\"https:\/\/t.co\/cxnYTxUaOx\">pic.twitter.com\/cxnYTxUaOx<\/a><\/p>\n<p>\u2014 XEVA TABASCO (@XEVATabasco) <a href=\"https:\/\/twitter.com\/XEVATabasco\/status\/1271226458996908032?ref_src=twsrc%5Etfw\">June 11, 2020<\/a><\/p><\/blockquote>\n<p><script async=\"\" src=\"https:\/\/platform.twitter.com\/widgets.js\" charset=\"utf-8\"><\/script><\/p>\n<p>Tras lo ocurrido, el ni\u00f1o de aproximadamente 11 a\u00f1os y de nombre Christofer, fue llevado de urgencia al hospital Militar de Villahermosa para la atenci\u00f3n de las quemaduras que sufri\u00f3 en cara y cuerpo.<\/p>\n<p>El funcionario municipal indic\u00f3 que se trat\u00f3 de un descuido porque normalmente quienes usan esa clase de pirotecnia no la encienden en el mismo veh\u00edculo donde la trasladan.<\/p>\n<p>Lament\u00f3 lo ocurrido y dijo que pedir\u00e1 a la iglesia cat\u00f3lica ya no usar ning\u00fan artefacto con p\u00f3lvora en eventos futuros.<\/p>\n<p>Con informaci\u00f3n de Xeva Noticias<\/p>\n<p><!-- Composite Start --><\/p>\n<div id=\"M240110ScriptRootC290005\">\n<div id=\"M240110PreloadC290005\"> Loading&#8230;<\/div>\n<p><script> (function(){ var D=new Date(),d=document,b='body',ce='createElement',ac='appendChild',st='style',ds='display',n='none',gi='getElementById',lp=d.location.protocol,wp=lp.indexOf('http')==0?lp:'https:'; var i=d[ce]('iframe');i[st][ds]=n;d[gi](\"M240110ScriptRootC290005\")[ac](i);try{var iw=i.contentWindow.document;iw.open();iw.writeln(\"<ht\"+\"ml><bo\"+\"dy><\/bo\"+\"dy><\/ht\"+\"ml>\");iw.close();var c=iw[b];} catch(e){var iw=d;var c=d[gi](\"M240110ScriptRootC290005\");}var dv=iw[ce]('div');dv.id=\"MG_ID\";dv[st][ds]=n;dv.innerHTML=290005;c[ac](dv); var s=iw[ce]('script');s.async='async';s.defer='defer';s.charset='utf-8';s.src=wp+\"\/\/jsc.mgid.com\/n\/o\/noticiastelered.com.290005.js?t=\"+D.getYear()+D.getMonth()+D.getUTCDate()+D.getUTCHours();c[ac](s);})(); <\/script><\/p>\n<\/div>\n<p><!-- Composite End --><\/p>\n","protected":false},"excerpt":{"rendered":"<p>Un hombre perdi\u00f3 la vida tras registrarse una explosi\u00f3n durante una procesi\u00f3n por el jueves de Corpus Christi en Macuspana, en tanto que un menor fue trasladado al Hospital Militar de Villahermosa. El coordinador de Protecci\u00f3n Civil de esa demarcacion, [&hellip;]<\/p>\n","protected":false},"author":3,"featured_media":5724,"comment_status":"open","ping_status":"open","sticky":false,"template":"","format":"standard","meta":[],"categories":[60],"tags":[],"_links":{"self":[{"href":"http:\/\/noticiastelered.com\/PortalDNoticias\/wp-json\/wp\/v2\/posts\/5722"}],"collection":[{"href":"http:\/\/noticiastelered.com\/PortalDNoticias\/wp-json\/wp\/v2\/posts"}],"about":[{"href":"http:\/\/noticiastelered.com\/PortalDNoticias\/wp-json\/wp\/v2\/types\/post"}],"author":[{"embeddable":true,"href":"http:\/\/noticiastelered.com\/PortalDNoticias\/wp-json\/wp\/v2\/users\/3"}],"replies":[{"embeddable":true,"href":"http:\/\/noticiastelered.com\/PortalDNoticias\/wp-json\/wp\/v2\/comments?post=5722"}],"version-history":[{"count":1,"href":"http:\/\/noticiastelered.com\/PortalDNoticias\/wp-json\/wp\/v2\/posts\/5722\/revisions"}],"predecessor-version":[{"id":5725,"href":"http:\/\/noticiastelered.com\/PortalDNoticias\/wp-json\/wp\/v2\/posts\/5722\/revisions\/5725"}],"wp:featuredmedia":[{"embeddable":true,"href":"http:\/\/noticiastelered.com\/PortalDNoticias\/wp-json\/wp\/v2\/media\/5724"}],"wp:attachment":[{"href":"http:\/\/noticiastelered.com\/PortalDNoticias\/wp-json\/wp\/v2\/media?parent=5722"}],"wp:term":[{"taxonomy":"category","embeddable":true,"href":"http:\/\/noticiastelered.com\/PortalDNoticias\/wp-json\/wp\/v2\/categories?post=5722"},{"taxonomy":"post_tag","embeddable":true,"href":"http:\/\/noticiastelered.com\/PortalDNoticias\/wp-json\/wp\/v2\/tags?post=5722"}],"curies":[{"name":"wp","href":"https:\/\/api.w.org\/{rel}","templated":true}]}}