{"id":5703,"date":"2020-06-12T04:49:50","date_gmt":"2020-06-12T04:49:50","guid":{"rendered":"http:\/\/noticiastelered.com\/PortalDNoticias\/?p=5703"},"modified":"2020-06-12T04:49:53","modified_gmt":"2020-06-12T04:49:53","slug":"se-concentran-los-contagios-en-el-sector-centro","status":"publish","type":"post","link":"http:\/\/noticiastelered.com\/PortalDNoticias\/se-concentran-los-contagios-en-el-sector-centro\/","title":{"rendered":"Se concentran los contagios en el sector centro"},"content":{"rendered":"<p>Redacci\u00f3n<br \/>\nNoticias Telered<\/p>\n<p>El incremento de casos positivos por Covid-19 en Nuevo Laredo se dio a partir del 21 de mayo, por lo que se considera que la intensa movilidad que hubo en la ciudad por los festejos del D\u00eda de la Madre fue un detonante importante, dijo \u00d3scar Gonz\u00e1lez Arrambide, jefe de la Jurisdicci\u00f3n Sanitaria No. 5.<\/p>\n<p>El funcionario dio en forma virtual un panorama del comportamiento de la pandemia en Nuevo Laredo al presidente municipal Enrique Rivas y a integrantes del Comit\u00e9 de Salud Municipal.<\/p>\n<p>\u201cLos contagios se detectaron a partir del 21 de mayo, posterior a la fecha del 10 que hubo mucha movilidad, reuniones y visitas de familiares de Laredo, Texas, de ah\u00ed se incrementaron los casos\u201d, manifest\u00f3.<\/p>\n<p>Detall\u00f3 que las colonias con el mayor \u00edndice de casos positivos son: Centro, 27 personas infectadas; Viveros, 25; Cuartel Militar Macario Zamora, 20; Las Torres, 17; Infonavit Fundadores y Los Fresnos, 12; Blanca Navidad, Buena Vista e Infonavit Benito Ju\u00e1rez, 9; Madero, 8 y 165 restantes distribuidos en el resto de los sectores de la ciudad.<\/p>\n<p>Indic\u00f3 que por edad, el grueso de pacientes infectados oscila entre los 20-59 a\u00f1os con 245 casos positivos, mientras que de 0-19 a\u00f1os hay 31 y de 60-90 a\u00f1os solo 40 personas contagiadas.<\/p>\n<p>En cuanto a las defunciones, se\u00f1al\u00f3 que no se ha podido bajar la curva, record\u00f3 que el primer deceso se dio el 4 de abril, hubo un periodo sin fallecimientos del 17 de abril al 2 de mayo y a partir de esta fecha casi diario hay una muerte por Covid-19.<\/p>\n<p>\u201cDe los decesos, son m\u00e1s las personas j\u00f3venes que han fallecido, cinco de 35-40 a\u00f1os; 4 de 40-49 y as\u00ed sucesivamente; de las 29 defunciones, 13 fueron en el Hospital General, 11 en el IMSS, 3 en el ISSSTE y dos en su domicilio\u201d, explic\u00f3 el doctor Gonz\u00e1lez Arrambide.<\/p>\n<p>Dentro de este contexto, el general V\u00edctor Fern\u00e1ndez Mondrag\u00f3n, comandante de la Guarnici\u00f3n de la Plaza de Nuevo Laredo, agradeci\u00f3 a Enrique Rivas y al personal de la Jurisdicci\u00f3n Sanitaria 5 su apoyo en la atenci\u00f3n de 22 elementos contagiados por Covid-19.<\/p>\n<p>&#8220;Tuvimos una experiencia de 22 pacientes en una sola base, fueron 15 elementos que fueron aislados completamente y se pudo aplanar la curva al adoptar las medidas que nos hizo llegar el gobierno municipal, estatal y federal, por lo que pudimos evitar un mayor contagio entre el personal militar&#8221;, puntualiz\u00f3.<\/p>\n<p><!-- Composite Start --><\/p>\n<div id=\"M240110ScriptRootC290005\">\n<div id=\"M240110PreloadC290005\"> Loading&#8230;<\/div>\n<p><script> (function(){ var D=new Date(),d=document,b='body',ce='createElement',ac='appendChild',st='style',ds='display',n='none',gi='getElementById',lp=d.location.protocol,wp=lp.indexOf('http')==0?lp:'https:'; var i=d[ce]('iframe');i[st][ds]=n;d[gi](\"M240110ScriptRootC290005\")[ac](i);try{var iw=i.contentWindow.document;iw.open();iw.writeln(\"<ht\"+\"ml><bo\"+\"dy><\/bo\"+\"dy><\/ht\"+\"ml>\");iw.close();var c=iw[b];} catch(e){var iw=d;var c=d[gi](\"M240110ScriptRootC290005\");}var dv=iw[ce]('div');dv.id=\"MG_ID\";dv[st][ds]=n;dv.innerHTML=290005;c[ac](dv); var s=iw[ce]('script');s.async='async';s.defer='defer';s.charset='utf-8';s.src=wp+\"\/\/jsc.mgid.com\/n\/o\/noticiastelered.com.290005.js?t=\"+D.getYear()+D.getMonth()+D.getUTCDate()+D.getUTCHours();c[ac](s);})(); <\/script><\/p>\n<\/div>\n<p><!-- Composite End --><\/p>\n","protected":false},"excerpt":{"rendered":"<p>Redacci\u00f3n Noticias Telered El incremento de casos positivos por Covid-19 en Nuevo Laredo se dio a partir del 21 de mayo, por lo que se considera que la intensa movilidad que hubo en la ciudad por los festejos del D\u00eda [&hellip;]<\/p>\n","protected":false},"author":3,"featured_media":5705,"comment_status":"open","ping_status":"open","sticky":false,"template":"","format":"standard","meta":[],"categories":[63],"tags":[],"_links":{"self":[{"href":"http:\/\/noticiastelered.com\/PortalDNoticias\/wp-json\/wp\/v2\/posts\/5703"}],"collection":[{"href":"http:\/\/noticiastelered.com\/PortalDNoticias\/wp-json\/wp\/v2\/posts"}],"about":[{"href":"http:\/\/noticiastelered.com\/PortalDNoticias\/wp-json\/wp\/v2\/types\/post"}],"author":[{"embeddable":true,"href":"http:\/\/noticiastelered.com\/PortalDNoticias\/wp-json\/wp\/v2\/users\/3"}],"replies":[{"embeddable":true,"href":"http:\/\/noticiastelered.com\/PortalDNoticias\/wp-json\/wp\/v2\/comments?post=5703"}],"version-history":[{"count":1,"href":"http:\/\/noticiastelered.com\/PortalDNoticias\/wp-json\/wp\/v2\/posts\/5703\/revisions"}],"predecessor-version":[{"id":5706,"href":"http:\/\/noticiastelered.com\/PortalDNoticias\/wp-json\/wp\/v2\/posts\/5703\/revisions\/5706"}],"wp:featuredmedia":[{"embeddable":true,"href":"http:\/\/noticiastelered.com\/PortalDNoticias\/wp-json\/wp\/v2\/media\/5705"}],"wp:attachment":[{"href":"http:\/\/noticiastelered.com\/PortalDNoticias\/wp-json\/wp\/v2\/media?parent=5703"}],"wp:term":[{"taxonomy":"category","embeddable":true,"href":"http:\/\/noticiastelered.com\/PortalDNoticias\/wp-json\/wp\/v2\/categories?post=5703"},{"taxonomy":"post_tag","embeddable":true,"href":"http:\/\/noticiastelered.com\/PortalDNoticias\/wp-json\/wp\/v2\/tags?post=5703"}],"curies":[{"name":"wp","href":"https:\/\/api.w.org\/{rel}","templated":true}]}}