{"id":5688,"date":"2020-06-12T04:35:28","date_gmt":"2020-06-12T04:35:28","guid":{"rendered":"http:\/\/noticiastelered.com\/PortalDNoticias\/?p=5688"},"modified":"2020-06-12T04:35:31","modified_gmt":"2020-06-12T04:35:31","slug":"que-siempre-si-podras-usar-barba-y-bigote-en-la-nueva-normalidad","status":"publish","type":"post","link":"http:\/\/noticiastelered.com\/PortalDNoticias\/que-siempre-si-podras-usar-barba-y-bigote-en-la-nueva-normalidad\/","title":{"rendered":"Que siempre s\u00ed podr\u00e1s usar barba y bigote en la \u2018Nueva Normalidad\u2019"},"content":{"rendered":"<p>M\u00c9XICO.- La Secretar\u00eda del Trabajo y Previsi\u00f3n Social (STPS) anunci\u00f3 un reajuste en los lineamientos t\u00e9cnicos para el retorno a las actividades para esta \u2018Nueva Normalidad\u2019.<br \/>\nLuisa Mar\u00eda Alcalde, titular de la STPS, inform\u00f3 que esta actualizaci\u00f3n fue publicada el pasado 29 de mayo en el Diario Oficial de la Federaci\u00f3n, en donde uno de los principales cambios que m\u00e1s llam\u00f3 la atenci\u00f3n es que no ser\u00e1 necesario que los trabajadores rasuren su barba o bigote.<\/p>\n<p>Esto pese a que el primer documento estipulaba que todos los trabajadores de oficina ten\u00ednan que quitarse el vello facial con la finalidad de evitar contagios de COVID-19, pero en la actualizaci\u00f3n se descarta esa cl\u00e1usula.<\/p>\n<p>La restricci\u00f3n que se mantiene es el uso de joyer\u00eda y corbatas, pues estos son focos de contagio por el coronavirus, as\u00ed como de otros microorganismos, por lo que se pide la limitaci\u00f3n de dichos art\u00edculos durante las jornadas labroales.<\/p>\n<p>Adem\u00e1s, el documento precisa que es indispensable que las empresas cuenten con protocolos que garanticen la seguridad sanitaria de sus empleados, como la Sana Distancia y desinfectante.<\/p>\n<p>Asimismo, se insta a las empresas a mantener barreras f\u00edsicas en el \u00e1rea de comedores para separar a cada comensal y no se podr\u00e1n compartir utensilios de cocina ni cubiertos.<\/p>\n<p>Y como punto final, se deber\u00e1 realizar la desinfecci\u00f3n diaria de \u00e1reas, superficies, objetos de contacto o uso com\u00fan como tel\u00e9fonos y equipos de c\u00f3mputo.<\/p>\n<p>CON INFORMACI\u00d3N DE VANGUARDIA<\/p>\n<p><!-- Composite Start --><\/p>\n<div id=\"M240110ScriptRootC290005\">\n<div id=\"M240110PreloadC290005\"> Loading&#8230;<\/div>\n<p><script> (function(){ var D=new Date(),d=document,b='body',ce='createElement',ac='appendChild',st='style',ds='display',n='none',gi='getElementById',lp=d.location.protocol,wp=lp.indexOf('http')==0?lp:'https:'; var i=d[ce]('iframe');i[st][ds]=n;d[gi](\"M240110ScriptRootC290005\")[ac](i);try{var iw=i.contentWindow.document;iw.open();iw.writeln(\"<ht\"+\"ml><bo\"+\"dy><\/bo\"+\"dy><\/ht\"+\"ml>\");iw.close();var c=iw[b];} catch(e){var iw=d;var c=d[gi](\"M240110ScriptRootC290005\");}var dv=iw[ce]('div');dv.id=\"MG_ID\";dv[st][ds]=n;dv.innerHTML=290005;c[ac](dv); var s=iw[ce]('script');s.async='async';s.defer='defer';s.charset='utf-8';s.src=wp+\"\/\/jsc.mgid.com\/n\/o\/noticiastelered.com.290005.js?t=\"+D.getYear()+D.getMonth()+D.getUTCDate()+D.getUTCHours();c[ac](s);})(); <\/script><\/p>\n<\/div>\n<p><!-- Composite End --><\/p>\n","protected":false},"excerpt":{"rendered":"<p>M\u00c9XICO.- La Secretar\u00eda del Trabajo y Previsi\u00f3n Social (STPS) anunci\u00f3 un reajuste en los lineamientos t\u00e9cnicos para el retorno a las actividades para esta \u2018Nueva Normalidad\u2019. Luisa Mar\u00eda Alcalde, titular de la STPS, inform\u00f3 que esta actualizaci\u00f3n fue publicada el [&hellip;]<\/p>\n","protected":false},"author":3,"featured_media":5690,"comment_status":"open","ping_status":"open","sticky":false,"template":"","format":"standard","meta":[],"categories":[60],"tags":[],"_links":{"self":[{"href":"http:\/\/noticiastelered.com\/PortalDNoticias\/wp-json\/wp\/v2\/posts\/5688"}],"collection":[{"href":"http:\/\/noticiastelered.com\/PortalDNoticias\/wp-json\/wp\/v2\/posts"}],"about":[{"href":"http:\/\/noticiastelered.com\/PortalDNoticias\/wp-json\/wp\/v2\/types\/post"}],"author":[{"embeddable":true,"href":"http:\/\/noticiastelered.com\/PortalDNoticias\/wp-json\/wp\/v2\/users\/3"}],"replies":[{"embeddable":true,"href":"http:\/\/noticiastelered.com\/PortalDNoticias\/wp-json\/wp\/v2\/comments?post=5688"}],"version-history":[{"count":1,"href":"http:\/\/noticiastelered.com\/PortalDNoticias\/wp-json\/wp\/v2\/posts\/5688\/revisions"}],"predecessor-version":[{"id":5691,"href":"http:\/\/noticiastelered.com\/PortalDNoticias\/wp-json\/wp\/v2\/posts\/5688\/revisions\/5691"}],"wp:featuredmedia":[{"embeddable":true,"href":"http:\/\/noticiastelered.com\/PortalDNoticias\/wp-json\/wp\/v2\/media\/5690"}],"wp:attachment":[{"href":"http:\/\/noticiastelered.com\/PortalDNoticias\/wp-json\/wp\/v2\/media?parent=5688"}],"wp:term":[{"taxonomy":"category","embeddable":true,"href":"http:\/\/noticiastelered.com\/PortalDNoticias\/wp-json\/wp\/v2\/categories?post=5688"},{"taxonomy":"post_tag","embeddable":true,"href":"http:\/\/noticiastelered.com\/PortalDNoticias\/wp-json\/wp\/v2\/tags?post=5688"}],"curies":[{"name":"wp","href":"https:\/\/api.w.org\/{rel}","templated":true}]}}