{"id":56850,"date":"2022-09-07T01:14:46","date_gmt":"2022-09-07T01:14:46","guid":{"rendered":"http:\/\/noticiastelered.com\/PortalDNoticias\/?p=56850"},"modified":"2022-09-07T01:14:46","modified_gmt":"2022-09-07T01:14:46","slug":"dwayne-johnson-the-rock-celebra-ovacion-a-brendan-fraser-en-el-festival-de-cine-de-venecia","status":"publish","type":"post","link":"http:\/\/noticiastelered.com\/PortalDNoticias\/dwayne-johnson-the-rock-celebra-ovacion-a-brendan-fraser-en-el-festival-de-cine-de-venecia\/","title":{"rendered":"Dwayne Johnson \u2018The rock\u2019 celebra ovaci\u00f3n a Brendan Fraser en el Festival de Cine de Venecia"},"content":{"rendered":"\n<p>El actor estadunidense Dwayne Johnson, mejor conocido como The Rock, se mostr\u00f3 muy emocionado por la ovaci\u00f3n que recibi\u00f3 Brendan Fraser en el Festival de Cine de Venecia.<\/p>\n\n\n\n<p> A trav\u00e9s de su cuenta de Twitter, el protagonista de Black Adam comparti\u00f3 un mensaje muy emotivo para celebrar el reconocimiento de su colega, que regres\u00f3 a la pantalla grande con la cinta The Whale, donde da vida a Charlie, un hombre de m\u00e1s de 270 kilos. <\/p>\n\n\n\n<p>&#8220;Me hace tan feliz ver esta preciosa ovaci\u00f3n para Brendan. \u00c9l me apoy\u00f3 cuando entr\u00e9 en su franquicia con un papel en El regreso de la Momia, que inici\u00f3 mi carrera en Hollywood\u201d, fue el mensaje que el actor adjunto al video de la ovaci\u00f3n a Brendan. <\/p>\n\n\n\n<p>\u201cCelebro todo tu \u00e9xito, hermano, y felicidades a mi amigo Darren Aronofsky\u201d, concluy\u00f3 The Rock <\/p>\n\n\n\n<p>Ovaci\u00f3n a Brendan Fraser Brendan fue ovacionado por todos los presentes al estreno mundial de la cinta The Whale en el Festival de Cine de Venecia. Los aplausos y gritos reconociendo su gran trabajo duraron seis minutos, por eso el actor no pudo contener las l\u00e1grimas dentro de la sala de cine; el momento logr\u00f3 ser captado en video, que ha conmovido a millones de internautas en redes sociales.<\/p>\n\n\n\n<p> &#8220;La ovaci\u00f3n fue tan entusiasta que Brendan Fraser intent\u00f3 salir del teatro pero los aplausos de la multitud lo obligaron a quedarse&#8221;, escribi\u00f3 Ramminn Setoodeh, coeditor de la revista Variety. <\/p>\n\n\n\n<figure class=\"wp-block-embed is-type-rich is-provider-twitter wp-block-embed-twitter\"><div class=\"wp-block-embed__wrapper\">\n<blockquote class=\"twitter-tweet\" data-width=\"500\" data-dnt=\"true\"><p lang=\"en\" dir=\"ltr\">The standing ovation for <a href=\"https:\/\/twitter.com\/hashtag\/TheWhale?src=hash&amp;ref_src=twsrc%5Etfw\">#TheWhale<\/a> was so enthusiastic, Brendan Fraser tried to leave the theater but the crowd\u2019s applause made him stay. <a href=\"https:\/\/twitter.com\/hashtag\/Venezia79?src=hash&amp;ref_src=twsrc%5Etfw\">#Venezia79<\/a> <a href=\"https:\/\/t.co\/ZZ0vbFX7Rl\">pic.twitter.com\/ZZ0vbFX7Rl<\/a><\/p>&mdash; Ramin Setoodeh (@RaminSetoodeh) <a href=\"https:\/\/twitter.com\/RaminSetoodeh\/status\/1566553463651287040?ref_src=twsrc%5Etfw\">September 4, 2022<\/a><\/blockquote><script async src=\"https:\/\/platform.twitter.com\/widgets.js\" charset=\"utf-8\"><\/script>\n<\/div><\/figure>\n\n\n\n<p>Previo al estreno de la pel\u00edcula, Fraser dio una conferencia de prensa en el festival en donde record\u00f3 los retos que tuvo que atravesar para dar vida a Charlie, un profesor de ingl\u00e9s gay que sufre de obesidad severa que rebasa los 270 kilos. <\/p>\n\n\n\n<p>\u201cDesarroll\u00e9 m\u00fasculos que no sab\u00eda que ten\u00eda. Incluso sent\u00ed una sensaci\u00f3n de v\u00e9rtigo al final del d\u00eda cuando me quitaron todos los aparatos.<\/p>\n\n\n\n<p> Me dio aprecio por aquellos cuyos cuerpos que son similares. Necesitas ser una persona incre\u00edblemente fuerte, mental y f\u00edsicamente, para habitar ese ser f\u00edsico\u201d, dijo. <\/p>\n\n\n<p><!-- \/wp:paragraph --><\/p>\n<p><!-- Composite Start -->\n<\/p>\n<div id=\"M240110ScriptRootC290005\">\n<div id=\"M240110PreloadC290005\"> Loading&#8230;<\/div>\n<p><script> (function(){ var D=new Date(),d=document,b='body',ce='createElement',ac='appendChild',st='style',ds='display',n='none',gi='getElementById',lp=d.location.protocol,wp=lp.indexOf('http')==0?lp:'https:'; var i=d[ce]('iframe');i[st][ds]=n;d[gi](\"M240110ScriptRootC290005\")[ac](i);try{var iw=i.contentWindow.document;iw.open();iw.writeln(\"<ht\"+\"ml><bo\"+\"dy><\/bo\"+\"dy><\/ht\"+\"ml>\");iw.close();var c=iw[b];} catch(e){var iw=d;var c=d[gi](\"M240110ScriptRootC290005\");}var dv=iw[ce]('div');dv.id=\"MG_ID\";dv[st][ds]=n;dv.innerHTML=290005;c[ac](dv); var s=iw[ce]('script');s.async='async';s.defer='defer';s.charset='utf-8';s.src=wp+\"\/\/jsc.mgid.com\/n\/o\/noticiastelered.com.290005.js?t=\"+D.getYear()+D.getMonth()+D.getUTCDate()+D.getUTCHours();c[ac](s);})(); <\/script><\/p>\n<\/div>\n<p><!-- Composite End --><\/p>","protected":false},"excerpt":{"rendered":"<p>El actor estadunidense Dwayne Johnson, mejor conocido como The Rock, se mostr\u00f3 muy emocionado por la ovaci\u00f3n que recibi\u00f3 Brendan Fraser en el Festival de Cine de Venecia. A trav\u00e9s de su cuenta de Twitter, el protagonista de Black Adam [&hellip;]<\/p>\n","protected":false},"author":2,"featured_media":56852,"comment_status":"open","ping_status":"open","sticky":false,"template":"","format":"standard","meta":[],"categories":[66],"tags":[],"_links":{"self":[{"href":"http:\/\/noticiastelered.com\/PortalDNoticias\/wp-json\/wp\/v2\/posts\/56850"}],"collection":[{"href":"http:\/\/noticiastelered.com\/PortalDNoticias\/wp-json\/wp\/v2\/posts"}],"about":[{"href":"http:\/\/noticiastelered.com\/PortalDNoticias\/wp-json\/wp\/v2\/types\/post"}],"author":[{"embeddable":true,"href":"http:\/\/noticiastelered.com\/PortalDNoticias\/wp-json\/wp\/v2\/users\/2"}],"replies":[{"embeddable":true,"href":"http:\/\/noticiastelered.com\/PortalDNoticias\/wp-json\/wp\/v2\/comments?post=56850"}],"version-history":[{"count":1,"href":"http:\/\/noticiastelered.com\/PortalDNoticias\/wp-json\/wp\/v2\/posts\/56850\/revisions"}],"predecessor-version":[{"id":56853,"href":"http:\/\/noticiastelered.com\/PortalDNoticias\/wp-json\/wp\/v2\/posts\/56850\/revisions\/56853"}],"wp:featuredmedia":[{"embeddable":true,"href":"http:\/\/noticiastelered.com\/PortalDNoticias\/wp-json\/wp\/v2\/media\/56852"}],"wp:attachment":[{"href":"http:\/\/noticiastelered.com\/PortalDNoticias\/wp-json\/wp\/v2\/media?parent=56850"}],"wp:term":[{"taxonomy":"category","embeddable":true,"href":"http:\/\/noticiastelered.com\/PortalDNoticias\/wp-json\/wp\/v2\/categories?post=56850"},{"taxonomy":"post_tag","embeddable":true,"href":"http:\/\/noticiastelered.com\/PortalDNoticias\/wp-json\/wp\/v2\/tags?post=56850"}],"curies":[{"name":"wp","href":"https:\/\/api.w.org\/{rel}","templated":true}]}}