{"id":5684,"date":"2020-06-12T04:33:38","date_gmt":"2020-06-12T04:33:38","guid":{"rendered":"http:\/\/noticiastelered.com\/PortalDNoticias\/?p=5684"},"modified":"2020-06-12T04:33:41","modified_gmt":"2020-06-12T04:33:41","slug":"epidemia-terminaria-en-octubre-pico-sera-la-proxima-semana-dice-lopez-gatell","status":"publish","type":"post","link":"http:\/\/noticiastelered.com\/PortalDNoticias\/epidemia-terminaria-en-octubre-pico-sera-la-proxima-semana-dice-lopez-gatell\/","title":{"rendered":"Epidemia terminar\u00eda en octubre, pico ser\u00e1 la pr\u00f3xima semana, dice L\u00f3pez-Gatell"},"content":{"rendered":"<p>CIUDAD DE M\u00c9XICO.- El pico de contagios de Covid-19 en el pa\u00eds se registrar\u00eda la pr\u00f3xima, mientras que la epidemia permanecer\u00eda en algunas zonas en octubre y una posible segunda oleada se registrar\u00eda hacia finales de a\u00f1o, pronostic\u00f3 el subsecretario mexicano de Prevenci\u00f3n y Promoci\u00f3n de la Salud, Hugo L\u00f3pez-Gatell.<\/p>\n<p>\u201cEmpezamos en febrero, terminaremos en octubre y podr\u00edamos decir que a mitad de junio estaremos a la mitad del conjunto de curvas epid\u00e9micas\u201d, se\u00f1al\u00f3 el funcionario.<\/p>\n<p>El encargado de liderar la lucha contra la enfermedad en el pa\u00eds explic\u00f3 que en una naci\u00f3n tan grande como M\u00e9xico la epidemia se segmenta por territorios, por lo que no se puede establecer un solo pico de casos, aunque calcul\u00f3 que \u201cun punto intermedio ser\u00eda a mitad de junio\u201d.<\/p>\n<p>En ese sentido, detall\u00f3 que ciudades como Tijuana y Baja California ya muestran un descenso en las cifras de contagios, mientras que otras como Monterrey todav\u00eda est\u00e1n en ascenso y podr\u00eda declarar el fin de la epidemia a mitades de octubre.<\/p>\n<p>L\u00f3pez-Gatell explic\u00f3 que la pandemia \u201cse ha vuelto tan larga gracias a las medidas de mitigaci\u00f3n\u201d del gobierno, lo que ha evitado que \u201cde s\u00fabito llegue una gran cantidad de casos\u201d.<\/p>\n<p>\u201cSolo si se mantiene el grado de control de la movilidad p\u00fablica durante los siguientes tres meses, las predicciones ser\u00e1n fieles y posiblemente estaremos con una cifra de entre 25 mil y 30 mil defunciones. Si no, podr\u00edamos tener una mayor mortalidad\u201d, precis\u00f3.<\/p>\n<p>Seg\u00fan los \u00faltimos datos, M\u00e9xico registr\u00f3 un r\u00e9cord de contagios con 4,883 nuevos casos de Covid-19 y ya acumula m\u00e1s de 129,000 enfermos y 15,357 muertes desde la llegada del coronavirus el 28 de febrero. Cifras que superan las estimaciones iniciales de entre 6,000 y 8,000 muertos.<\/p>\n<p>Respecto a la previsi\u00f3n de que el pico se registrar\u00eda a principios de mayo, matiz\u00f3 que esa fecha obedec\u00eda solo al \u00e1rea metropolitana de la Ciudad de M\u00e9xico, la zona m\u00e1s afectada.<\/p>\n<p>Sobre los mensajes del presidente Andr\u00e9s Manuel L\u00f3pez Obrador y del secretario de Salud, Jorge Alcocer, en el sentido de que se \u201cdom\u00f3 la pandemia\u201d, L\u00f3pez-Gatell se\u00f1al\u00f3 que en algunas zonas la epidemia va a la baja, aunque reconoci\u00f3 que el gobierno tiene \u201cretos de comunicaci\u00f3n importantes\u201d sobre todo ante el aumento de la movilidad.<\/p>\n<p>CON INFORMACI\u00d3N DE VANGUARDIA<\/p>\n<p><!-- Composite Start --><\/p>\n<div id=\"M240110ScriptRootC290005\">\n<div id=\"M240110PreloadC290005\"> Loading&#8230;<\/div>\n<p><script> (function(){ var D=new Date(),d=document,b='body',ce='createElement',ac='appendChild',st='style',ds='display',n='none',gi='getElementById',lp=d.location.protocol,wp=lp.indexOf('http')==0?lp:'https:'; var i=d[ce]('iframe');i[st][ds]=n;d[gi](\"M240110ScriptRootC290005\")[ac](i);try{var iw=i.contentWindow.document;iw.open();iw.writeln(\"<ht\"+\"ml><bo\"+\"dy><\/bo\"+\"dy><\/ht\"+\"ml>\");iw.close();var c=iw[b];} catch(e){var iw=d;var c=d[gi](\"M240110ScriptRootC290005\");}var dv=iw[ce]('div');dv.id=\"MG_ID\";dv[st][ds]=n;dv.innerHTML=290005;c[ac](dv); var s=iw[ce]('script');s.async='async';s.defer='defer';s.charset='utf-8';s.src=wp+\"\/\/jsc.mgid.com\/n\/o\/noticiastelered.com.290005.js?t=\"+D.getYear()+D.getMonth()+D.getUTCDate()+D.getUTCHours();c[ac](s);})(); <\/script><\/p>\n<\/div>\n<p><!-- Composite End --><\/p>\n","protected":false},"excerpt":{"rendered":"<p>CIUDAD DE M\u00c9XICO.- El pico de contagios de Covid-19 en el pa\u00eds se registrar\u00eda la pr\u00f3xima, mientras que la epidemia permanecer\u00eda en algunas zonas en octubre y una posible segunda oleada se registrar\u00eda hacia finales de a\u00f1o, pronostic\u00f3 el subsecretario [&hellip;]<\/p>\n","protected":false},"author":3,"featured_media":5686,"comment_status":"open","ping_status":"open","sticky":false,"template":"","format":"standard","meta":[],"categories":[60],"tags":[],"_links":{"self":[{"href":"http:\/\/noticiastelered.com\/PortalDNoticias\/wp-json\/wp\/v2\/posts\/5684"}],"collection":[{"href":"http:\/\/noticiastelered.com\/PortalDNoticias\/wp-json\/wp\/v2\/posts"}],"about":[{"href":"http:\/\/noticiastelered.com\/PortalDNoticias\/wp-json\/wp\/v2\/types\/post"}],"author":[{"embeddable":true,"href":"http:\/\/noticiastelered.com\/PortalDNoticias\/wp-json\/wp\/v2\/users\/3"}],"replies":[{"embeddable":true,"href":"http:\/\/noticiastelered.com\/PortalDNoticias\/wp-json\/wp\/v2\/comments?post=5684"}],"version-history":[{"count":1,"href":"http:\/\/noticiastelered.com\/PortalDNoticias\/wp-json\/wp\/v2\/posts\/5684\/revisions"}],"predecessor-version":[{"id":5687,"href":"http:\/\/noticiastelered.com\/PortalDNoticias\/wp-json\/wp\/v2\/posts\/5684\/revisions\/5687"}],"wp:featuredmedia":[{"embeddable":true,"href":"http:\/\/noticiastelered.com\/PortalDNoticias\/wp-json\/wp\/v2\/media\/5686"}],"wp:attachment":[{"href":"http:\/\/noticiastelered.com\/PortalDNoticias\/wp-json\/wp\/v2\/media?parent=5684"}],"wp:term":[{"taxonomy":"category","embeddable":true,"href":"http:\/\/noticiastelered.com\/PortalDNoticias\/wp-json\/wp\/v2\/categories?post=5684"},{"taxonomy":"post_tag","embeddable":true,"href":"http:\/\/noticiastelered.com\/PortalDNoticias\/wp-json\/wp\/v2\/tags?post=5684"}],"curies":[{"name":"wp","href":"https:\/\/api.w.org\/{rel}","templated":true}]}}