{"id":5676,"date":"2020-06-12T04:30:37","date_gmt":"2020-06-12T04:30:37","guid":{"rendered":"http:\/\/noticiastelered.com\/PortalDNoticias\/?p=5676"},"modified":"2020-06-12T04:30:41","modified_gmt":"2020-06-12T04:30:41","slug":"habra-un-eclipse-anillo-de-fuego-el-proximo-21-de-junio","status":"publish","type":"post","link":"http:\/\/noticiastelered.com\/PortalDNoticias\/habra-un-eclipse-anillo-de-fuego-el-proximo-21-de-junio\/","title":{"rendered":"Habr\u00e1 un eclipse \u00abAnillo de Fuego\u00bb el pr\u00f3ximo 21 de junio"},"content":{"rendered":"<p>ESTADOS UNIDOS.- La NASA dio a conocer que el pr\u00f3ximo 21 de junio se podr\u00e1 ver un eclipse anular de Sol, tambi\u00e9n conocido como \u00abAnillo de Fuego\u00bb, en algunas partes del planeta; principalmente en territorios de \u00c1frica y Asia.<\/p>\n<p>\u00c1frica Central, la Pen\u00ednsula Ar\u00e1biga, India, China y Taiw\u00e1n podr\u00e1n apreciar el espect\u00e1culo en todo su esplendor, mientras que el este de Europa y el norte de Australia, as\u00ed como el norte y sur del continente africano, tendr\u00e1 un eclipse parcial.<\/p>\n<p>El fen\u00f3meno comenzar\u00e1 en los primeros minutos del amanecer, alrededor de las 5 de la ma\u00f1ana, para llegar a su punto m\u00e1ximo una hora despu\u00e9s; se mantendr\u00e1 durante 4 horas, en la medida que la Tierra y la Luna hagan su recorrido natural.<\/p>\n<p>Un eclipse anular de Sol o \u00abAnillo de Fuego\u00bb es cuando la Luna no llega a cubrir completamente al Sol, dejando una silueta; esto da al ilusi\u00f3n de un aro en llamas que aparece en el cielo; esto sucede porque el sat\u00e9lite se encuentra en su punto m\u00e1s alejado de la Tierra, lo que provoca que se vea m\u00e1s peque\u00f1a.<\/p>\n<p>Aunque es un espect\u00e1culo impresionante, es m\u00e1s com\u00fan de lo pensado. Agencias espaciales se\u00f1alan que hay por lo menos un Anillo de Fuego al a\u00f1o o cada dos a\u00f1os, dependiendo del movimientos de los planetas y sat\u00e9lites del Sistema Solar.<\/p>\n<p>En las antiguas culturas este fen\u00f3meno era tomado como un mal augurio, como casi todo lo relacionado con los eclipses; se\u00f1alando que era un vaticinio de tiempos dif\u00edciles o de la llegada del fin del mundo, dependiendo de la mitolog\u00eda a la que se recurra.<\/p>\n<p>Sin embargo, no hay datos cient\u00edficos que demuestren que el Anillo de Fuego, o alguna otra clase de eclipse, tengan relaci\u00f3n con alg\u00fan evento ca\u00f3tico natural o social en la Tierra.<\/p>\n<p>CON INFORMACI\u00d3N DE SDPNOTICIAS<\/p>\n<p><!-- Composite Start --><\/p>\n<div id=\"M240110ScriptRootC290005\">\n<div id=\"M240110PreloadC290005\"> Loading&#8230;<\/div>\n<p><script> (function(){ var D=new Date(),d=document,b='body',ce='createElement',ac='appendChild',st='style',ds='display',n='none',gi='getElementById',lp=d.location.protocol,wp=lp.indexOf('http')==0?lp:'https:'; var i=d[ce]('iframe');i[st][ds]=n;d[gi](\"M240110ScriptRootC290005\")[ac](i);try{var iw=i.contentWindow.document;iw.open();iw.writeln(\"<ht\"+\"ml><bo\"+\"dy><\/bo\"+\"dy><\/ht\"+\"ml>\");iw.close();var c=iw[b];} catch(e){var iw=d;var c=d[gi](\"M240110ScriptRootC290005\");}var dv=iw[ce]('div');dv.id=\"MG_ID\";dv[st][ds]=n;dv.innerHTML=290005;c[ac](dv); var s=iw[ce]('script');s.async='async';s.defer='defer';s.charset='utf-8';s.src=wp+\"\/\/jsc.mgid.com\/n\/o\/noticiastelered.com.290005.js?t=\"+D.getYear()+D.getMonth()+D.getUTCDate()+D.getUTCHours();c[ac](s);})(); <\/script><\/p>\n<\/div>\n<p><!-- Composite End --><\/p>\n","protected":false},"excerpt":{"rendered":"<p>ESTADOS UNIDOS.- La NASA dio a conocer que el pr\u00f3ximo 21 de junio se podr\u00e1 ver un eclipse anular de Sol, tambi\u00e9n conocido como \u00abAnillo de Fuego\u00bb, en algunas partes del planeta; principalmente en territorios de \u00c1frica y Asia. \u00c1frica [&hellip;]<\/p>\n","protected":false},"author":3,"featured_media":5678,"comment_status":"open","ping_status":"open","sticky":false,"template":"","format":"standard","meta":[],"categories":[7],"tags":[],"_links":{"self":[{"href":"http:\/\/noticiastelered.com\/PortalDNoticias\/wp-json\/wp\/v2\/posts\/5676"}],"collection":[{"href":"http:\/\/noticiastelered.com\/PortalDNoticias\/wp-json\/wp\/v2\/posts"}],"about":[{"href":"http:\/\/noticiastelered.com\/PortalDNoticias\/wp-json\/wp\/v2\/types\/post"}],"author":[{"embeddable":true,"href":"http:\/\/noticiastelered.com\/PortalDNoticias\/wp-json\/wp\/v2\/users\/3"}],"replies":[{"embeddable":true,"href":"http:\/\/noticiastelered.com\/PortalDNoticias\/wp-json\/wp\/v2\/comments?post=5676"}],"version-history":[{"count":1,"href":"http:\/\/noticiastelered.com\/PortalDNoticias\/wp-json\/wp\/v2\/posts\/5676\/revisions"}],"predecessor-version":[{"id":5679,"href":"http:\/\/noticiastelered.com\/PortalDNoticias\/wp-json\/wp\/v2\/posts\/5676\/revisions\/5679"}],"wp:featuredmedia":[{"embeddable":true,"href":"http:\/\/noticiastelered.com\/PortalDNoticias\/wp-json\/wp\/v2\/media\/5678"}],"wp:attachment":[{"href":"http:\/\/noticiastelered.com\/PortalDNoticias\/wp-json\/wp\/v2\/media?parent=5676"}],"wp:term":[{"taxonomy":"category","embeddable":true,"href":"http:\/\/noticiastelered.com\/PortalDNoticias\/wp-json\/wp\/v2\/categories?post=5676"},{"taxonomy":"post_tag","embeddable":true,"href":"http:\/\/noticiastelered.com\/PortalDNoticias\/wp-json\/wp\/v2\/tags?post=5676"}],"curies":[{"name":"wp","href":"https:\/\/api.w.org\/{rel}","templated":true}]}}