{"id":56667,"date":"2022-09-04T21:05:35","date_gmt":"2022-09-04T21:05:35","guid":{"rendered":"http:\/\/noticiastelered.com\/PortalDNoticias\/?p=56667"},"modified":"2022-09-04T21:05:37","modified_gmt":"2022-09-04T21:05:37","slug":"ana-claudia-talancon-llego-en-supuesto-estado-de-ebriedad-a-presentacion-de-soy-tu-fan%ef%bf%bc","status":"publish","type":"post","link":"http:\/\/noticiastelered.com\/PortalDNoticias\/ana-claudia-talancon-llego-en-supuesto-estado-de-ebriedad-a-presentacion-de-soy-tu-fan%ef%bf%bc\/","title":{"rendered":"Ana Claudia Talanc\u00f3n lleg\u00f3 en supuesto estado de ebriedad a presentaci\u00f3n de \u2018Soy tu fan\u2019\ufffc"},"content":{"rendered":"\n<p>M\u00c9XICO.- Diversos materiales en video difundidos en redes sociales muestran que la actriz mexicana Ana Claudia Talanc\u00f3n presuntamente lleg\u00f3 en estado inconveniente a la premier de la pel\u00edcula \u2018Soy tu fan\u2019.<\/p>\n\n\n\n<p>Ana Claudia Talanc\u00f3n habr\u00eda asistido en supuesto estado de ebriedad a la Premier de soy tu fan, donde la actriz respondi\u00f3 todas las preguntas de los reporteros en la alfombra roja.<\/p>\n\n\n\n<p>Sin embargo, hubo quienes la observaron en estado nconveniente. La protagonista de Soy tu fan se mostr\u00f3 feliz y sonriente ante las preguntas de la prensa.<\/p>\n\n\n\n<p>Muchos de los cuestionamientos los respondi\u00f3 con bromas que inclusive pusieron nerviosos a los miembros de su staff.<\/p>\n\n\n\n<p>\u201cLa verdad es que son much\u00edsimos a\u00f1os en donde el amor ha llenado el coraz\u00f3n de nuestros fans, y gracias a ese amor se ha dado esta nueva temporada\u201d dijo la guapa actriz, protagonista de producciones c\u00f3mo El crimen del Padre Amaro.<\/p>\n\n\n\n<p>Soy tu fan, la pel\u00edcula, se estrenar\u00e1 10 a\u00f1os despu\u00e9s del \u00e9xito que tuvo la serie, transmitida por canal 11.<\/p>\n\n\n\n<p>Los seguidores y fan\u00e1ticos de Ana Claudia Talanc\u00f3n no la abandonaron y despu\u00e9s de la difusi\u00f3n de las im\u00e1genes, simplemente la felicitaron por la alegr\u00eda con la que se mostr\u00f3. No le faltaron palabras de apoyo y sobretodo de admiraci\u00f3n. Durante la alfombra roja, Ana Claudia Talanc\u00f3n se tropez\u00f3 un par de veces, pero fue su forma de hablar, la qu\u00e9 le delat\u00f3.<\/p>\n\n\n\n<figure class=\"wp-block-embed is-type-rich is-provider-twitter wp-block-embed-twitter\"><div class=\"wp-block-embed__wrapper\">\n<blockquote class=\"twitter-tweet\" data-width=\"500\" data-dnt=\"true\"><p lang=\"es\" dir=\"ltr\">Es mi\u00e9rcoles y si se antoja andar bien Ana Claudia Talanc\u00f3n en la premiere de la pel\u00edcula de Soy tu fan <a href=\"https:\/\/t.co\/Je8mYYqiHs\">pic.twitter.com\/Je8mYYqiHs<\/a><\/p>&mdash; Pao \ud83d\udc99 (@Pao_smile) <a href=\"https:\/\/twitter.com\/Pao_smile\/status\/1565170739807928322?ref_src=twsrc%5Etfw\">September 1, 2022<\/a><\/blockquote><script async src=\"https:\/\/platform.twitter.com\/widgets.js\" charset=\"utf-8\"><\/script>\n<\/div><\/figure>\n\n\n<p><!-- \/wp:paragraph --><\/p>\n<p><!-- Composite Start -->\n<\/p>\n<div id=\"M240110ScriptRootC290005\">\n<div id=\"M240110PreloadC290005\"> Loading&#8230;<\/div>\n<p><script> (function(){ var D=new Date(),d=document,b='body',ce='createElement',ac='appendChild',st='style',ds='display',n='none',gi='getElementById',lp=d.location.protocol,wp=lp.indexOf('http')==0?lp:'https:'; var i=d[ce]('iframe');i[st][ds]=n;d[gi](\"M240110ScriptRootC290005\")[ac](i);try{var iw=i.contentWindow.document;iw.open();iw.writeln(\"<ht\"+\"ml><bo\"+\"dy><\/bo\"+\"dy><\/ht\"+\"ml>\");iw.close();var c=iw[b];} catch(e){var iw=d;var c=d[gi](\"M240110ScriptRootC290005\");}var dv=iw[ce]('div');dv.id=\"MG_ID\";dv[st][ds]=n;dv.innerHTML=290005;c[ac](dv); var s=iw[ce]('script');s.async='async';s.defer='defer';s.charset='utf-8';s.src=wp+\"\/\/jsc.mgid.com\/n\/o\/noticiastelered.com.290005.js?t=\"+D.getYear()+D.getMonth()+D.getUTCDate()+D.getUTCHours();c[ac](s);})(); <\/script><\/p>\n<\/div>\n<p><!-- Composite End --><\/p>","protected":false},"excerpt":{"rendered":"<p>M\u00c9XICO.- Diversos materiales en video difundidos en redes sociales muestran que la actriz mexicana Ana Claudia Talanc\u00f3n presuntamente lleg\u00f3 en estado inconveniente a la premier de la pel\u00edcula \u2018Soy tu fan\u2019. Ana Claudia Talanc\u00f3n habr\u00eda asistido en supuesto estado de [&hellip;]<\/p>\n","protected":false},"author":2,"featured_media":56669,"comment_status":"open","ping_status":"open","sticky":false,"template":"","format":"standard","meta":[],"categories":[66],"tags":[],"_links":{"self":[{"href":"http:\/\/noticiastelered.com\/PortalDNoticias\/wp-json\/wp\/v2\/posts\/56667"}],"collection":[{"href":"http:\/\/noticiastelered.com\/PortalDNoticias\/wp-json\/wp\/v2\/posts"}],"about":[{"href":"http:\/\/noticiastelered.com\/PortalDNoticias\/wp-json\/wp\/v2\/types\/post"}],"author":[{"embeddable":true,"href":"http:\/\/noticiastelered.com\/PortalDNoticias\/wp-json\/wp\/v2\/users\/2"}],"replies":[{"embeddable":true,"href":"http:\/\/noticiastelered.com\/PortalDNoticias\/wp-json\/wp\/v2\/comments?post=56667"}],"version-history":[{"count":1,"href":"http:\/\/noticiastelered.com\/PortalDNoticias\/wp-json\/wp\/v2\/posts\/56667\/revisions"}],"predecessor-version":[{"id":56670,"href":"http:\/\/noticiastelered.com\/PortalDNoticias\/wp-json\/wp\/v2\/posts\/56667\/revisions\/56670"}],"wp:featuredmedia":[{"embeddable":true,"href":"http:\/\/noticiastelered.com\/PortalDNoticias\/wp-json\/wp\/v2\/media\/56669"}],"wp:attachment":[{"href":"http:\/\/noticiastelered.com\/PortalDNoticias\/wp-json\/wp\/v2\/media?parent=56667"}],"wp:term":[{"taxonomy":"category","embeddable":true,"href":"http:\/\/noticiastelered.com\/PortalDNoticias\/wp-json\/wp\/v2\/categories?post=56667"},{"taxonomy":"post_tag","embeddable":true,"href":"http:\/\/noticiastelered.com\/PortalDNoticias\/wp-json\/wp\/v2\/tags?post=56667"}],"curies":[{"name":"wp","href":"https:\/\/api.w.org\/{rel}","templated":true}]}}