{"id":5663,"date":"2020-06-12T04:27:10","date_gmt":"2020-06-12T04:27:10","guid":{"rendered":"http:\/\/noticiastelered.com\/PortalDNoticias\/?p=5663"},"modified":"2020-06-12T04:27:13","modified_gmt":"2020-06-12T04:27:13","slug":"despues-de-cuarentena-abuelitos-no-podran-cuidar-a-nietos-unam","status":"publish","type":"post","link":"http:\/\/noticiastelered.com\/PortalDNoticias\/despues-de-cuarentena-abuelitos-no-podran-cuidar-a-nietos-unam\/","title":{"rendered":"Despu\u00e9s de cuarentena, abuelitos no podr\u00e1n cuidar a nietos: UNAM"},"content":{"rendered":"<p>CIUDAD DE M\u00c9XICO.- Expertos de la Universidad Nacional Aut\u00f3noma de M\u00e9xico (UNAM) advierten que, despu\u00e9s de la cuarentena, los abuelos no podr\u00e1n cuidar a sus nietos por un largo tiempo.<\/p>\n<p>Los investigadores se\u00f1alan que el virus todav\u00eda podr\u00eda afectar a personas con padecimientos cr\u00f3nico-degenerativos como los ancianos. \u201cEso es algo a no perder de vista\u201d, indica la doctora Guadalupe Miranda Novales, profesora de Infectolog\u00eda en la Facultad de Medicina de la UNAM.<\/p>\n<p>Pese a que los menores contagiados por el covid-19 experimentan una versi\u00f3n muy atenuada de la enfermedad e incluso gran parte de ellos ni siquiera desarrollar\u00e1 s\u00edntomas, s\u00ed pueden transmitirla y ello es muy peligroso para ciertos grupos demogr\u00e1ficos. \u201cEn alg\u00fan punto volveremos a nuestra cotidianidad y perderemos el control brindado por las cuarentenas, por lo que diab\u00e9ticos, hipertensos, asm\u00e1ticos o gente con un sistema inmune comprometido, afecciones respiratorias cr\u00f3nicas o de la tercera edad no podr\u00e1n estar a cargo de un ni\u00f1o. Desafortunadamente, esto incluye a los abuelitos\u201d.<\/p>\n<p>Esto podr\u00eda representar un cambio radical en las din\u00e1micas familiares actuales, ya que seg\u00fan la Encuesta Nacional de Empleo y Seguridad Social de 2017, en M\u00e9xico los ni\u00f1os de cero a seis a\u00f1os no cuidados por su padres \u2014sea por trabajo u otras razones\u2014 suelen ser encargados (en el 65.5 por ciento de las ocasiones) a sus abuelas. Debido a que esta opci\u00f3n es la m\u00e1s socorrida, hace un a\u00f1o el gobierno de L\u00f3pez Obrador propon\u00eda eliminar el presupuesto asignado a las estancias infantiles y dar el dinero directamente a los abuelos, siempre y cuando ellos fueran los cuidadores de sus nietos.<\/p>\n<p>No obstante, esto deber\u00e1 cambiar al menos en el corto y mediano plazo \u2014apunta la doctora Miranda\u2014 pues el mayor problema planteado por el covid-19 es que, por ser una enfermedad tan nueva, a\u00fan ignoramos c\u00f3mo curarla, cu\u00e1ndo tendremos una vacuna o hasta si alguien ya recuperado puede contraerla de nuevo.<\/p>\n<p>\u201cLo que s\u00ed sabemos es que entre a quienes la infecci\u00f3n golpea con m\u00e1s fuerza est\u00e1n los ancianos y esto nos coloca en una situaci\u00f3n triste: la de que los abuelitos no puedan visitar a sus nietos y viceversa. Deberemos mantener esta medida por un largo tiempo a fin de evitar que las personas mayores se lleguen a contagiar\u201d.<\/p>\n<p>Y no son pocos los especialistas que han llamado la atenci\u00f3n sobre este hecho. El 10 de abril los CDC (Centers for Disease Control and Prevention) de EU advert\u00edan que, como los pacientes pedi\u00e1tricos presentan s\u00edntomas muy atenuados o incluso ninguno, los ni\u00f1os podr\u00edan tener un papel importante en la diseminaci\u00f3n del virus y, adem\u00e1s, propagarlo silenciosamente; justo una semana despu\u00e9s The New England Journal of Medicine publicaba el editorial Transmisi\u00f3n asintom\u00e1tica, el tal\u00f3n de Aquiles de las estrategias actuales para controlar el covid-19, donde abundaba al respecto.<\/p>\n<p>Sobre este punto la doctora Miranda se\u00f1ala: \u201cLos primeros estudios se\u00f1alan que hasta un 25 por ciento de los ni\u00f1os ser\u00edan asintom\u00e1ticos, lo cual en s\u00ed dificulta la detecci\u00f3n, y a esto se suma el que, en caso de presentarse la enfermedad en los menores, \u00e9sta puede pasar inadvertida. Quiz\u00e1 los padres vean a su hijo toser un poco o con flujo nasal por tres d\u00edas y de pronto no, y por lo mismo piensen que todo fue un resfriado ligero, cuando en realidad podr\u00eda tratarse de SARS-CoV-2 y el peque\u00f1o estar\u00eda diseminando el virus hasta por 20 d\u00edas\u201d.<\/p>\n<p>A decir de la doctora Miranda, no falta mucho para que los ni\u00f1os regresen a las escuelas y a jugar en los parques, y esto es deseable, aunque tambi\u00e9n nos obliga a dar los pasos necesarios para ponernos de nuevo en marcha, pero sin dejar de cuidar la salud de todos aquellos con padecimientos cr\u00f3nicos y ni la de nuestros ancianos.<\/p>\n<p>Una inc\u00f3gnita por resolver<br \/>\nUn aspecto que desde un inicio desconcert\u00f3 a los m\u00e9dicos fue lo poco agresivo que resultaba el SARS-CoV-2 con los ni\u00f1os ya que, por tratarse de un virus respiratorio, los especialistas esperaban un comportamiento similar al de la influenza, que suele generar cuadros graves, sobre todo en los menores de dos a\u00f1os.<\/p>\n<p>\u201cSin embargo, al revisar el n\u00famero de menores hospitalizados (en Ciudad de M\u00e9xico no sobrepasan los cuatro) \u00e9ste result\u00f3 tan bajo que los investigadores comenzaron a formular diversas hip\u00f3tesis sobre el porqu\u00e9\u201d, explica la profesora Guadalupe Miranda.<\/p>\n<p>Una teor\u00eda es que el SARS-CoV-2 requiere la enzima convertidora de angiotensina (receptor localizado principalmente en los pulmones) para adherirse a las c\u00e9lulas y entrar, pero como \u00e9sta se encuentra poco expresada en los menores, al pat\u00f3geno se le dificulta causar da\u00f1o. Otra es que el organismo de los infantes, al estar expuesto de forma continua a infecciones respiratorias no graves, ha aprendido a responder de mejor manera al coronavirus que los adultos.<\/p>\n<p>La tercera propuesta \u2014y la que m\u00e1s interesa a la acad\u00e9mica\u2014 sugiere que el tipo espec\u00edfico de anticuerpos que se est\u00e1n formando en el cuerpo humano a esa edad puede contrarrestar al pat\u00f3geno en etapas tempranas. \u201cSi esto se corrobora y somos capaces de determinar cu\u00e1les de ellos logran detener la progresi\u00f3n del virus estar\u00edamos cerca de obtener la tan ansiada vacuna\u201d.<\/p>\n<p>No obstante, la doctora Miranda pide no confiarse de este fen\u00f3meno y, ante cualquier sospecha de covid-19, llevar al menor al Instituto Nacional de Pediatr\u00eda, al Hospital Infantil de M\u00e9xico o a la Unidad M\u00e9dica de Alta Especialidad de Pediatr\u00eda del IMSS, en Centro M\u00e9dico. \u201cDebemos estar atentos a la presencia de fiebre, irritabilidad en vez de cefalea, tos, rinorrea, escozor en la garganta, dolor general o rechazo al alimento, en especial si se dan algunos o todos juntos\u201d.<\/p>\n<p>Un aspecto que suele pasarse por alto y que no se debe descuidar \u2014finaliza la acad\u00e9mica\u2014 es el de hablar con los peque\u00f1os sobre sus dudas y miedos. \u201cSe han hecho videos muy did\u00e1cticos y claros, pero que no responden a interrogantes como \u00bfy qu\u00e9 sigue?, o \u00bfpor qu\u00e9 no puedo ver a mis abuelos?, pues uno de los vicios que tenemos como adultos es el de querer explicarle a los ni\u00f1os todo sin detenernos un momento para escuchar cu\u00e1les son sus inquietudes\u201d.<\/p>\n<p><iframe loading=\"lazy\" width=\"739\" height=\"415\" src=\"https:\/\/www.youtube.com\/embed\/zqGmPO83N4k\" frameborder=\"0\" allow=\"accelerometer; autoplay; encrypted-media; gyroscope; picture-in-picture\" allowfullscreen=\"\"><\/iframe><\/p>\n<p>CON INFORMACI\u00d3N DE CULTURA COLECTIVA<\/p>\n<p><!-- Composite Start --><\/p>\n<div id=\"M240110ScriptRootC290005\">\n<div id=\"M240110PreloadC290005\"> Loading&#8230;<\/div>\n<p><script> (function(){ var D=new Date(),d=document,b='body',ce='createElement',ac='appendChild',st='style',ds='display',n='none',gi='getElementById',lp=d.location.protocol,wp=lp.indexOf('http')==0?lp:'https:'; var i=d[ce]('iframe');i[st][ds]=n;d[gi](\"M240110ScriptRootC290005\")[ac](i);try{var iw=i.contentWindow.document;iw.open();iw.writeln(\"<ht\"+\"ml><bo\"+\"dy><\/bo\"+\"dy><\/ht\"+\"ml>\");iw.close();var c=iw[b];} catch(e){var iw=d;var c=d[gi](\"M240110ScriptRootC290005\");}var dv=iw[ce]('div');dv.id=\"MG_ID\";dv[st][ds]=n;dv.innerHTML=290005;c[ac](dv); var s=iw[ce]('script');s.async='async';s.defer='defer';s.charset='utf-8';s.src=wp+\"\/\/jsc.mgid.com\/n\/o\/noticiastelered.com.290005.js?t=\"+D.getYear()+D.getMonth()+D.getUTCDate()+D.getUTCHours();c[ac](s);})(); <\/script><\/p>\n<\/div>\n<p><!-- Composite End --><\/p>\n","protected":false},"excerpt":{"rendered":"<p>CIUDAD DE M\u00c9XICO.- Expertos de la Universidad Nacional Aut\u00f3noma de M\u00e9xico (UNAM) advierten que, despu\u00e9s de la cuarentena, los abuelos no podr\u00e1n cuidar a sus nietos por un largo tiempo. Los investigadores se\u00f1alan que el virus todav\u00eda podr\u00eda afectar a [&hellip;]<\/p>\n","protected":false},"author":3,"featured_media":5665,"comment_status":"open","ping_status":"open","sticky":false,"template":"","format":"standard","meta":[],"categories":[7],"tags":[],"_links":{"self":[{"href":"http:\/\/noticiastelered.com\/PortalDNoticias\/wp-json\/wp\/v2\/posts\/5663"}],"collection":[{"href":"http:\/\/noticiastelered.com\/PortalDNoticias\/wp-json\/wp\/v2\/posts"}],"about":[{"href":"http:\/\/noticiastelered.com\/PortalDNoticias\/wp-json\/wp\/v2\/types\/post"}],"author":[{"embeddable":true,"href":"http:\/\/noticiastelered.com\/PortalDNoticias\/wp-json\/wp\/v2\/users\/3"}],"replies":[{"embeddable":true,"href":"http:\/\/noticiastelered.com\/PortalDNoticias\/wp-json\/wp\/v2\/comments?post=5663"}],"version-history":[{"count":1,"href":"http:\/\/noticiastelered.com\/PortalDNoticias\/wp-json\/wp\/v2\/posts\/5663\/revisions"}],"predecessor-version":[{"id":5666,"href":"http:\/\/noticiastelered.com\/PortalDNoticias\/wp-json\/wp\/v2\/posts\/5663\/revisions\/5666"}],"wp:featuredmedia":[{"embeddable":true,"href":"http:\/\/noticiastelered.com\/PortalDNoticias\/wp-json\/wp\/v2\/media\/5665"}],"wp:attachment":[{"href":"http:\/\/noticiastelered.com\/PortalDNoticias\/wp-json\/wp\/v2\/media?parent=5663"}],"wp:term":[{"taxonomy":"category","embeddable":true,"href":"http:\/\/noticiastelered.com\/PortalDNoticias\/wp-json\/wp\/v2\/categories?post=5663"},{"taxonomy":"post_tag","embeddable":true,"href":"http:\/\/noticiastelered.com\/PortalDNoticias\/wp-json\/wp\/v2\/tags?post=5663"}],"curies":[{"name":"wp","href":"https:\/\/api.w.org\/{rel}","templated":true}]}}