{"id":5655,"date":"2020-06-12T04:24:42","date_gmt":"2020-06-12T04:24:42","guid":{"rendered":"http:\/\/noticiastelered.com\/PortalDNoticias\/?p=5655"},"modified":"2020-06-12T04:24:45","modified_gmt":"2020-06-12T04:24:45","slug":"las-fechas-y-claves-del-regreso-a-clases-presenciales-en-mexico","status":"publish","type":"post","link":"http:\/\/noticiastelered.com\/PortalDNoticias\/las-fechas-y-claves-del-regreso-a-clases-presenciales-en-mexico\/","title":{"rendered":"Las fechas y claves del regreso a clases presenciales en M\u00e9xico"},"content":{"rendered":"<p>CIUDAD DE M\u00c9XICO.- El regreso a clases presenciales en el nivel b\u00e1sico sigue condicionado al control del coronavirus covid-19 en M\u00e9xico, esta vez la Secretar\u00eda de Educaci\u00f3n P\u00fablica (SEP) dio la fecha provisional del 10 de agosto para volver a la \u00abnueva normalidad\u00bb de las aulas.<\/p>\n<p>Esto s\u00f3lo podr\u00e1 suceder, si el sem\u00e1foro epidemiol\u00f3gico se encuentra en color verde y para ello se tomar\u00e1n diferentes medidas de protecci\u00f3n para los estudiantes.<\/p>\n<p>A partir del 10 de agosto, se llevar\u00e1 a cabo un curso remedial para regularizar a los ni\u00f1os, por lo que el nuevo ciclo escolar dar\u00eda inicio, si todo sale de acuerdo al plan, en el mes de septiembre.<\/p>\n<p>LAS MEDIDAS DE SEGURIDAD DEL REGRESO A CLASES<br \/>\nPrevenir contagios y garantizar la seguridad y salud de estudiantes y maestros en el nivel b\u00e1sico ser\u00e1 la prioridad gubernamental, para lo que la autoridad federal plantea las siguientes medidas:<\/p>\n<p>Sal\u00f3n de clase<br \/>\n1.- Activar comit\u00e9s participativos de salud escolar para fortalecer las relaciones entre la escuela y el centro de salud m\u00e1s cercano.<\/p>\n<p>2.- Realizar la limpieza de las aulas de forma rutinaria.<\/p>\n<p>3.- Implementar tres filtros: en casa, en la entrada de la escuela y el \u00faltimo en el sal\u00f3n. Esto para ubicar a ni\u00f1os enfermos y regresarlos a casa.<\/p>\n<p>4.- Implementar la circulaci\u00f3n en un solo sentido para evitar contagios, para lo que se colocar\u00e1 se\u00f1alizaci\u00f3n en las escuelas.<\/p>\n<p>5.- Garantizar acceso al agua y gel en todas las escuelas de M\u00e9xico.<\/p>\n<p>6.- Cuidar a maestras y grupos de riesgo.<\/p>\n<p>7.- Establecer el uso de cubrebocas o pa\u00f1uelos como obligatorio.<\/p>\n<p>8.- Implementar la sana distancia en entradas y salidas<\/p>\n<p>9.- Llevar a cabo recreos escalonados.<\/p>\n<p>10.- Maximizar el uso de espacios abiertos.<\/p>\n<p>11.- Quedan suspendidas ceremonias y reuniones.<\/p>\n<p>12.- Garantizar el apoyo socioemocional para alumnos y docentes.<\/p>\n<p>13.- Si se presenta un solo caso de covid-19, el plantel en cuesti\u00f3n ser\u00e1 cerrado de forma inmediata.<\/p>\n<p>\u00bfQU\u00c9 SE REALIZAR\u00c1 EN EL CURSO REMEDIAL?<br \/>\nEste curso contempla clases para cubrir todos los contenidos que no se pudieron ver en el ciclo escolar interrumpido por el coronavirus.<\/p>\n<p>Se espera que dure tres semanas. La asistencia ser\u00e1 escalonada de acuerdo al apellido de los estudiantes para mantener la sana distancia y evitar contagios de covid-19.<\/p>\n<p>Antes de comenzar, se realizar\u00e1 una sanitizaci\u00f3n de las escuelas y se llevar\u00e1n a cabo actividades administrativas.<\/p>\n<p>As\u00ed ser\u00eda la asistencia de los estudiantes:<\/p>\n<p>-Los lunes y mi\u00e9rcoles, ir\u00edan los alumnos con apellidos de la A a la N.<\/p>\n<p>-Los martes y jueves ser\u00e1n para los ni\u00f1os con apellidos de la M a la Z.<\/p>\n<p>-Los viernes s\u00f3lo ir\u00e1n los estudiantes con mayor rezago.<\/p>\n<p>Se buscar\u00e1 que los maestros pasen de grado a todos los alumnos para evitar el abandono escolar.<\/p>\n<p>\u00bfC\u00d3MO SE DETERMINAR\u00c1N LAS CALIFICACIONES?<br \/>\nLos profesores tomar\u00e1n en cuenta los tres primeros trimestres, que representan el 73 por ciento del curso escolar, para poner calificaciones a los estudiantes. Se tomar\u00e1n en cuenta las carpetas de experiencias dejadas como tarea por la SEP.<\/p>\n<p>Se anunci\u00f3 que habr\u00e1 un concurso nacional de carpetas de experiencias, ya sea que las presenten de manera f\u00edsica o digital.<\/p>\n<p>EXAMEN DE INGRESO A LA PREPA<br \/>\nEste examen se realizar\u00e1 en cuatro fechas posibles: 8, 9, 15 y 16 de agosto para lograr mantener la sana distancia.<\/p>\n<p>VACACIONES<br \/>\nLa SEP propone implementar un Verano Divertido, en el que se mantendr\u00e1 el plan de Aprende en Casa del 8 de junio al 3 de agosto, donde se tomar\u00e1n programas educativos y l\u00fadicos.<\/p>\n<p>El receso magisterial ser\u00e1 del 22 de junio al 17 de julio en educaci\u00f3n b\u00e1sica, as\u00ed como del 6 al 31 de julio para el nivel medio superior.<\/p>\n<p>EL NUEVO CALENDARIO ESCOLAR<\/p>\n<p><img decoding=\"async\" src=\"https:\/\/expreso.press\/wp-content\/uploads\/2020\/06\/calendarioescolar.jpg\" \/><\/p>\n<p>CON INFORMACI\u00d3N DE LA SILLA ROTA<\/p>\n<p><!-- Composite Start --><\/p>\n<div id=\"M240110ScriptRootC290005\">\n<div id=\"M240110PreloadC290005\">Loading&#8230;<\/div>\n<p><script> (function(){ var D=new Date(),d=document,b='body',ce='createElement',ac='appendChild',st='style',ds='display',n='none',gi='getElementById',lp=d.location.protocol,wp=lp.indexOf('http')==0?lp:'https:'; var i=d[ce]('iframe');i[st][ds]=n;d[gi](\"M240110ScriptRootC290005\")[ac](i);try{var iw=i.contentWindow.document;iw.open();iw.writeln(\"<ht\"+\"ml><bo\"+\"dy><\/bo\"+\"dy><\/ht\"+\"ml>\");iw.close();var c=iw[b];} catch(e){var iw=d;var c=d[gi](\"M240110ScriptRootC290005\");}var dv=iw[ce]('div');dv.id=\"MG_ID\";dv[st][ds]=n;dv.innerHTML=290005;c[ac](dv); var s=iw[ce]('script');s.async='async';s.defer='defer';s.charset='utf-8';s.src=wp+\"\/\/jsc.mgid.com\/n\/o\/noticiastelered.com.290005.js?t=\"+D.getYear()+D.getMonth()+D.getUTCDate()+D.getUTCHours();c[ac](s);})(); <\/script><\/p>\n<\/div>\n<p><!-- Composite End --><\/p>\n","protected":false},"excerpt":{"rendered":"<p>CIUDAD DE M\u00c9XICO.- El regreso a clases presenciales en el nivel b\u00e1sico sigue condicionado al control del coronavirus covid-19 en M\u00e9xico, esta vez la Secretar\u00eda de Educaci\u00f3n P\u00fablica (SEP) dio la fecha provisional del 10 de agosto para volver a [&hellip;]<\/p>\n","protected":false},"author":3,"featured_media":5657,"comment_status":"open","ping_status":"open","sticky":false,"template":"","format":"standard","meta":[],"categories":[60],"tags":[],"_links":{"self":[{"href":"http:\/\/noticiastelered.com\/PortalDNoticias\/wp-json\/wp\/v2\/posts\/5655"}],"collection":[{"href":"http:\/\/noticiastelered.com\/PortalDNoticias\/wp-json\/wp\/v2\/posts"}],"about":[{"href":"http:\/\/noticiastelered.com\/PortalDNoticias\/wp-json\/wp\/v2\/types\/post"}],"author":[{"embeddable":true,"href":"http:\/\/noticiastelered.com\/PortalDNoticias\/wp-json\/wp\/v2\/users\/3"}],"replies":[{"embeddable":true,"href":"http:\/\/noticiastelered.com\/PortalDNoticias\/wp-json\/wp\/v2\/comments?post=5655"}],"version-history":[{"count":1,"href":"http:\/\/noticiastelered.com\/PortalDNoticias\/wp-json\/wp\/v2\/posts\/5655\/revisions"}],"predecessor-version":[{"id":5658,"href":"http:\/\/noticiastelered.com\/PortalDNoticias\/wp-json\/wp\/v2\/posts\/5655\/revisions\/5658"}],"wp:featuredmedia":[{"embeddable":true,"href":"http:\/\/noticiastelered.com\/PortalDNoticias\/wp-json\/wp\/v2\/media\/5657"}],"wp:attachment":[{"href":"http:\/\/noticiastelered.com\/PortalDNoticias\/wp-json\/wp\/v2\/media?parent=5655"}],"wp:term":[{"taxonomy":"category","embeddable":true,"href":"http:\/\/noticiastelered.com\/PortalDNoticias\/wp-json\/wp\/v2\/categories?post=5655"},{"taxonomy":"post_tag","embeddable":true,"href":"http:\/\/noticiastelered.com\/PortalDNoticias\/wp-json\/wp\/v2\/tags?post=5655"}],"curies":[{"name":"wp","href":"https:\/\/api.w.org\/{rel}","templated":true}]}}