{"id":56531,"date":"2022-08-31T14:54:25","date_gmt":"2022-08-31T14:54:25","guid":{"rendered":"http:\/\/noticiastelered.com\/PortalDNoticias\/?p=56531"},"modified":"2022-08-31T14:54:26","modified_gmt":"2022-08-31T14:54:26","slug":"onu-insta-a-mexico-a-redoblar-esfuerzos-tras-mas-de-100-mil-desaparecidos%ef%bf%bc","status":"publish","type":"post","link":"http:\/\/noticiastelered.com\/PortalDNoticias\/onu-insta-a-mexico-a-redoblar-esfuerzos-tras-mas-de-100-mil-desaparecidos%ef%bf%bc\/","title":{"rendered":"ONU insta a M\u00e9xico a redoblar esfuerzos tras m\u00e1s de 100 mil desaparecidos\ufffc"},"content":{"rendered":"\n<p>M\u00c9XICO.- La Alta Comisionada de la ONU para los Derechos Humanos, Michelle Bachelet alent\u00f3 a M\u00e9xico redoblar sus esfuerzos como estado para revertir el fen\u00f3meno de las desapariciones forzadas y combatir la impunidad, que en nuestro pa\u00eds ha ocurrido en un ambiente de violencia con efectos cr\u00edticos en mujeres, ni\u00f1as, adolescentes y personas migrantes.<\/p>\n\n\n\n<p>En la v\u00edspera de que concluya su encargo, la tambi\u00e9n ex presidenta de Chile particip\u00f3 v\u00eda remota en la presentaci\u00f3n del libro \u201cLa Desaparici\u00f3n Forzada en M\u00e9xico, una mirada desde los organismos del sistema de Naciones Unidas\u201d, en la que estuvo presente el subsecretario de Derechos Humanos de Gobernaci\u00f3n, Alejandro Encinas, personal diplom\u00e1tico, familiares y v\u00edctimas de desapariciones.<\/p>\n\n\n\n<p>En su mensaje pidi\u00f3 atender sin delaci\u00f3n las recomendaciones que se exponen, as\u00ed como los dict\u00e1menes adoptados por los \u00f3rganos de supervisi\u00f3n de los tratados.<\/p>\n\n\n\n<p>\u201cNo hay tiempo que perder, son m\u00e1s de 100 mil las personas oficialmente reconocidos como desaparecidas en M\u00e9xico, a ello se suman sus familiares y las personas allegadas, as\u00ed como la sociedad en su conjunto quienes tambi\u00e9n padece las consecuencias de las desapariciones\u201d, expres\u00f3.<\/p>\n\n\n\n<p>\u201cM\u00e9xico es un pa\u00eds que merece revisar su modelo de seguridad, asegurar la seguridad para sus habitantes, abatir la impunidad existente en el sistema de justicia y erradicar la revitalizaci\u00f3n. Conf\u00edo que, con el empe\u00f1o de todos y todas, la participaci\u00f3n de las v\u00edctimas y la colaboraci\u00f3n internacional estos desaf\u00edos se pueden abordar y revertir\u201d, subray\u00f3.<\/p>\n\n\n\n<p>En el D\u00eda Internacional contra la Desaparici\u00f3n Forzada, la funcionaria tambi\u00e9n exhort\u00f3 a brindar condiciones de seguridad a madres buscadoras de v\u00edctimas y defensores de derechos humanos y periodistas.<\/p>\n\n\n<p><!-- \/wp:paragraph --><\/p>\n<p><!-- Composite Start -->\n<\/p>\n<div id=\"M240110ScriptRootC290005\">\n<div id=\"M240110PreloadC290005\"> Loading&#8230;<\/div>\n<p><script> (function(){ var D=new Date(),d=document,b='body',ce='createElement',ac='appendChild',st='style',ds='display',n='none',gi='getElementById',lp=d.location.protocol,wp=lp.indexOf('http')==0?lp:'https:'; var i=d[ce]('iframe');i[st][ds]=n;d[gi](\"M240110ScriptRootC290005\")[ac](i);try{var iw=i.contentWindow.document;iw.open();iw.writeln(\"<ht\"+\"ml><bo\"+\"dy><\/bo\"+\"dy><\/ht\"+\"ml>\");iw.close();var c=iw[b];} catch(e){var iw=d;var c=d[gi](\"M240110ScriptRootC290005\");}var dv=iw[ce]('div');dv.id=\"MG_ID\";dv[st][ds]=n;dv.innerHTML=290005;c[ac](dv); var s=iw[ce]('script');s.async='async';s.defer='defer';s.charset='utf-8';s.src=wp+\"\/\/jsc.mgid.com\/n\/o\/noticiastelered.com.290005.js?t=\"+D.getYear()+D.getMonth()+D.getUTCDate()+D.getUTCHours();c[ac](s);})(); <\/script><\/p>\n<\/div>\n<p><!-- Composite End --><\/p>","protected":false},"excerpt":{"rendered":"<p>M\u00c9XICO.- La Alta Comisionada de la ONU para los Derechos Humanos, Michelle Bachelet alent\u00f3 a M\u00e9xico redoblar sus esfuerzos como estado para revertir el fen\u00f3meno de las desapariciones forzadas y combatir la impunidad, que en nuestro pa\u00eds ha ocurrido en [&hellip;]<\/p>\n","protected":false},"author":2,"featured_media":56533,"comment_status":"open","ping_status":"open","sticky":false,"template":"","format":"standard","meta":[],"categories":[60],"tags":[],"_links":{"self":[{"href":"http:\/\/noticiastelered.com\/PortalDNoticias\/wp-json\/wp\/v2\/posts\/56531"}],"collection":[{"href":"http:\/\/noticiastelered.com\/PortalDNoticias\/wp-json\/wp\/v2\/posts"}],"about":[{"href":"http:\/\/noticiastelered.com\/PortalDNoticias\/wp-json\/wp\/v2\/types\/post"}],"author":[{"embeddable":true,"href":"http:\/\/noticiastelered.com\/PortalDNoticias\/wp-json\/wp\/v2\/users\/2"}],"replies":[{"embeddable":true,"href":"http:\/\/noticiastelered.com\/PortalDNoticias\/wp-json\/wp\/v2\/comments?post=56531"}],"version-history":[{"count":1,"href":"http:\/\/noticiastelered.com\/PortalDNoticias\/wp-json\/wp\/v2\/posts\/56531\/revisions"}],"predecessor-version":[{"id":56534,"href":"http:\/\/noticiastelered.com\/PortalDNoticias\/wp-json\/wp\/v2\/posts\/56531\/revisions\/56534"}],"wp:featuredmedia":[{"embeddable":true,"href":"http:\/\/noticiastelered.com\/PortalDNoticias\/wp-json\/wp\/v2\/media\/56533"}],"wp:attachment":[{"href":"http:\/\/noticiastelered.com\/PortalDNoticias\/wp-json\/wp\/v2\/media?parent=56531"}],"wp:term":[{"taxonomy":"category","embeddable":true,"href":"http:\/\/noticiastelered.com\/PortalDNoticias\/wp-json\/wp\/v2\/categories?post=56531"},{"taxonomy":"post_tag","embeddable":true,"href":"http:\/\/noticiastelered.com\/PortalDNoticias\/wp-json\/wp\/v2\/tags?post=56531"}],"curies":[{"name":"wp","href":"https:\/\/api.w.org\/{rel}","templated":true}]}}