{"id":56523,"date":"2022-08-31T14:49:48","date_gmt":"2022-08-31T14:49:48","guid":{"rendered":"http:\/\/noticiastelered.com\/PortalDNoticias\/?p=56523"},"modified":"2022-08-31T14:49:49","modified_gmt":"2022-08-31T14:49:49","slug":"abuelito-ofrece-concierto-y-nadie-va-ahora-le-abrira-a-gerardo-ortiz%ef%bf%bc","status":"publish","type":"post","link":"http:\/\/noticiastelered.com\/PortalDNoticias\/abuelito-ofrece-concierto-y-nadie-va-ahora-le-abrira-a-gerardo-ortiz%ef%bf%bc\/","title":{"rendered":"Abuelito ofrece concierto y nadie va; ahora le abrir\u00e1 a Gerardo Ort\u00edz\ufffc"},"content":{"rendered":"\n<p>M\u00c9XICO.- Don Rogelio \u201cEl Mostrenco\u201d fue uno de los integrantes del elenco disponible en la Feria Nacional de Fresnillo 2022 (FENAFRE) en Zacatecas, con la ilusi\u00f3n que le produce la m\u00fasica el se\u00f1or se subi\u00f3 al escenario para deleitar a la gente, pero no todo result\u00f3 como hab\u00eda so\u00f1ado.<\/p>\n\n\n\n<p>A la presentaci\u00f3n del cantante de m\u00fasica regional mexicana acudieron escasas cinco personas, pero eso no fue impedimento para que Don Rogelio, \u201cEl Mostrenco\u201d deleitara y diera lo mejor de su talento como si estuviera frente a miles. A trav\u00e9s de redes sociales se difundieron diversas im\u00e1genes que delataban lo que hab\u00eda pasado y en los comentarios diversos usuarios mostraban su indignaci\u00f3n al poco apoyo a las personas de la recerca edad.<\/p>\n\n\n\n<figure class=\"wp-block-image\"><img decoding=\"async\" src=\"https:\/\/expreso.press\/wp-content\/uploads\/2022\/08\/WhatsApp-Image-2022-08-30-at-5.51.41-PM-294x187.jpeg\" alt=\"\" class=\"wp-image-631292\"\/><\/figure>\n\n\n\n<p>Los internautas tambi\u00e9n dec\u00edan que era una l\u00e1stima que el lugar estuviera vac\u00edo e incuso culpaban a los organizadores y los encargados de gobierno por no darle la difusi\u00f3n correcta al espect\u00e1culo de \u201cEl Monstrenco\u201d, pues se\u00f1alaban que era parte de la cultura del lugar y alguien que deb\u00eda ser conocido de manera exponencial.<\/p>\n\n\n\n<p>Pero, aunque Don Rogelio se llev\u00f3 un penoso momento en su primera presentaci\u00f3n, Internet hizo lo suyo y ahora desde la cuenta de la Feria Nacional de Fresnillo se anunci\u00f3 que ser\u00e1 el telonero de esta noche en el concierto de Gerardo Ortiz.<\/p>\n\n\n\n<figure class=\"wp-block-image\"><img decoding=\"async\" src=\"https:\/\/expreso.press\/wp-content\/uploads\/2022\/08\/WhatsApp-Image-2022-08-30-at-5.52.06-PM-187x187.jpeg\" alt=\"\" class=\"wp-image-631293\"\/><\/figure>\n\n\n\n<p>\u201cY para abrir el concierto de @gerardoortizoficial se presenta Don Rogelio \u2018El Mostrenco\u2019 con todo su talento m\u00e1gico\u201d, escribieron en el cartel que est\u00e1 disponible en redes sociales.<\/p>\n\n\n\n<p>Cabe destacar que Gerardo Ortiz no fue el \u00fanico que brind\u00f3 apoyo al se\u00f1or, pues otras agrupaciones como Los Elegantes de Jerez tambi\u00e9n han buscado la forma de ponerse en contacto con el artista, aunque se desconocen las razones o la propuesta que tienen para Don Rogelio.<\/p>\n\n\n\n<figure class=\"wp-block-image\"><img decoding=\"async\" src=\"https:\/\/expreso.press\/wp-content\/uploads\/2022\/08\/WhatsApp-Image-2022-08-30-at-5.52.33-PM-101x187.jpeg\" alt=\"\" class=\"wp-image-631294\"\/><\/figure>\n\n\n<p><!-- \/wp:paragraph --><\/p>\n<p><!-- Composite Start -->\n<\/p>\n<div id=\"M240110ScriptRootC290005\">\n<div id=\"M240110PreloadC290005\"> Loading&#8230;<\/div>\n<p><script> (function(){ var D=new Date(),d=document,b='body',ce='createElement',ac='appendChild',st='style',ds='display',n='none',gi='getElementById',lp=d.location.protocol,wp=lp.indexOf('http')==0?lp:'https:'; var i=d[ce]('iframe');i[st][ds]=n;d[gi](\"M240110ScriptRootC290005\")[ac](i);try{var iw=i.contentWindow.document;iw.open();iw.writeln(\"<ht\"+\"ml><bo\"+\"dy><\/bo\"+\"dy><\/ht\"+\"ml>\");iw.close();var c=iw[b];} catch(e){var iw=d;var c=d[gi](\"M240110ScriptRootC290005\");}var dv=iw[ce]('div');dv.id=\"MG_ID\";dv[st][ds]=n;dv.innerHTML=290005;c[ac](dv); var s=iw[ce]('script');s.async='async';s.defer='defer';s.charset='utf-8';s.src=wp+\"\/\/jsc.mgid.com\/n\/o\/noticiastelered.com.290005.js?t=\"+D.getYear()+D.getMonth()+D.getUTCDate()+D.getUTCHours();c[ac](s);})(); <\/script><\/p>\n<\/div>\n<p><!-- Composite End --><\/p>","protected":false},"excerpt":{"rendered":"<p>M\u00c9XICO.- Don Rogelio \u201cEl Mostrenco\u201d fue uno de los integrantes del elenco disponible en la Feria Nacional de Fresnillo 2022 (FENAFRE) en Zacatecas, con la ilusi\u00f3n que le produce la m\u00fasica el se\u00f1or se subi\u00f3 al escenario para deleitar a [&hellip;]<\/p>\n","protected":false},"author":2,"featured_media":56525,"comment_status":"open","ping_status":"open","sticky":false,"template":"","format":"standard","meta":[],"categories":[3],"tags":[],"_links":{"self":[{"href":"http:\/\/noticiastelered.com\/PortalDNoticias\/wp-json\/wp\/v2\/posts\/56523"}],"collection":[{"href":"http:\/\/noticiastelered.com\/PortalDNoticias\/wp-json\/wp\/v2\/posts"}],"about":[{"href":"http:\/\/noticiastelered.com\/PortalDNoticias\/wp-json\/wp\/v2\/types\/post"}],"author":[{"embeddable":true,"href":"http:\/\/noticiastelered.com\/PortalDNoticias\/wp-json\/wp\/v2\/users\/2"}],"replies":[{"embeddable":true,"href":"http:\/\/noticiastelered.com\/PortalDNoticias\/wp-json\/wp\/v2\/comments?post=56523"}],"version-history":[{"count":1,"href":"http:\/\/noticiastelered.com\/PortalDNoticias\/wp-json\/wp\/v2\/posts\/56523\/revisions"}],"predecessor-version":[{"id":56526,"href":"http:\/\/noticiastelered.com\/PortalDNoticias\/wp-json\/wp\/v2\/posts\/56523\/revisions\/56526"}],"wp:featuredmedia":[{"embeddable":true,"href":"http:\/\/noticiastelered.com\/PortalDNoticias\/wp-json\/wp\/v2\/media\/56525"}],"wp:attachment":[{"href":"http:\/\/noticiastelered.com\/PortalDNoticias\/wp-json\/wp\/v2\/media?parent=56523"}],"wp:term":[{"taxonomy":"category","embeddable":true,"href":"http:\/\/noticiastelered.com\/PortalDNoticias\/wp-json\/wp\/v2\/categories?post=56523"},{"taxonomy":"post_tag","embeddable":true,"href":"http:\/\/noticiastelered.com\/PortalDNoticias\/wp-json\/wp\/v2\/tags?post=56523"}],"curies":[{"name":"wp","href":"https:\/\/api.w.org\/{rel}","templated":true}]}}