{"id":56519,"date":"2022-08-31T14:45:53","date_gmt":"2022-08-31T14:45:53","guid":{"rendered":"http:\/\/noticiastelered.com\/PortalDNoticias\/?p=56519"},"modified":"2022-08-31T14:47:00","modified_gmt":"2022-08-31T14:47:00","slug":"propone-americo-construir-puerto-seco-en-victoria%ef%bf%bc","status":"publish","type":"post","link":"http:\/\/noticiastelered.com\/PortalDNoticias\/propone-americo-construir-puerto-seco-en-victoria%ef%bf%bc\/","title":{"rendered":"Propone Am\u00e9rico construir puerto seco en Victoria\ufffc"},"content":{"rendered":"\n<p>CIUDAD VICTORIA, TAMAULIPAS.- Existe total disposici\u00f3n del Gobierno de M\u00e9xico para apoyar a Tamaulipas, afirm\u00f3 el gobernador electo Am\u00e9rico Villarreal Anaya, luego de anunciar varias obras y proyectos \u201cpactados\u201d que se concretizar\u00e1n a partir de octubre.<\/p>\n\n\n\n<p>Entre ellas se refiri\u00f3 a la creaci\u00f3n del puerto seco en Victoria, la capital del estado, proyecto que ya fue expuesto a la Direcci\u00f3n General de Aduanas y que cuenta con grandes probabilidades de ser aprobado.<\/p>\n\n\n\n<p>La idea es contar en la capital con un recinto fiscal para que a Victoria lleguen los contenedores del Baj\u00edo, y de aqu\u00ed llevarlos a los Puertos de Altura de Tampico y Altamira.<\/p>\n\n\n\n<p>\u201cCon relaciones institucionales respetuosas y proactivas y con el apoyo federal, lograremos un gran respaldo y compromiso de transformaci\u00f3n\u201d, afirm\u00f3 el mandatario electo.<\/p>\n\n\n\n<p>Agreg\u00f3 que en colaboraci\u00f3n con la Secretar\u00eda de Seguridad P\u00fablica, se regresar\u00e1 la paz y tranquilidad que todos requieren en la entidad y \u201cser\u00e1 el pilar para traer recursos p\u00fablicos y privados, que generen desarrollo y con esto se produzcan m\u00e1s empleos bien pagados\u201d.<\/p>\n\n\n\n<p>Con austeridad y buen manejo en las finanzas p\u00fablicas, adem\u00e1s del apoyo de Banobras, su gobierno invertir\u00e1 en obras necesarias, \u201cpara asegurar que todas y todos los tamaulipecos accedan a servicios p\u00fablicos de calidad, con obras planeadas para el beneficio colectivo\u201d.<\/p>\n\n\n\n<p>\u201cVamos a atender el desabasto de agua, para que todos tengan acceso a ese vital l\u00edquido\u201d.<\/p>\n\n\n\n<p>Dijo que en reuniones con servidores p\u00fablicos federales y de Conagua, se presentaron alternativas para el norte del pa\u00eds y en particular en Tamaulipas, \u201cuno de ellos es el acueducto del P\u00e1nuco\u201d.<\/p>\n\n\n\n<p>Para atender la vida de tamaulipecos, dijo que existe una estrecha relaci\u00f3n entre la Secretar\u00eda de Salud y el IMSS-Bienestar, habr\u00e1 inversi\u00f3n en infraestructura hospitalaria, \u201cpara que las familias tengan acceso a m\u00e9dicos y medicamentos gratuitos\u201d.<\/p>\n\n\n\n<p>En el tema de educaci\u00f3n, \u201chabr\u00e1 planteles dignos con incentivos para maestros y alumnos con un solo objetivo, elevar la calidad educativa, en busca de una mayor competitividad y colaboraci\u00f3n\u201d.<\/p>\n\n\n\n<p>Anunci\u00f3 que con Petr\u00f3leos Mexicanos (Pemex) se hizo el compromiso para entregar a la entidad asfalto para obra p\u00fablica y combustible, \u201caunado a esto, se est\u00e1 planteando la posibilidad de que se instale en el norte del estado, una planta de fertilizantes\u201d.<\/p>\n\n\n<p><!-- \/wp:paragraph --><\/p>\n<p><!-- Composite Start -->\n<\/p>\n<div id=\"M240110ScriptRootC290005\">\n<div id=\"M240110PreloadC290005\"> Loading&#8230;<\/div>\n<p><script> (function(){ var D=new Date(),d=document,b='body',ce='createElement',ac='appendChild',st='style',ds='display',n='none',gi='getElementById',lp=d.location.protocol,wp=lp.indexOf('http')==0?lp:'https:'; var i=d[ce]('iframe');i[st][ds]=n;d[gi](\"M240110ScriptRootC290005\")[ac](i);try{var iw=i.contentWindow.document;iw.open();iw.writeln(\"<ht\"+\"ml><bo\"+\"dy><\/bo\"+\"dy><\/ht\"+\"ml>\");iw.close();var c=iw[b];} catch(e){var iw=d;var c=d[gi](\"M240110ScriptRootC290005\");}var dv=iw[ce]('div');dv.id=\"MG_ID\";dv[st][ds]=n;dv.innerHTML=290005;c[ac](dv); var s=iw[ce]('script');s.async='async';s.defer='defer';s.charset='utf-8';s.src=wp+\"\/\/jsc.mgid.com\/n\/o\/noticiastelered.com.290005.js?t=\"+D.getYear()+D.getMonth()+D.getUTCDate()+D.getUTCHours();c[ac](s);})(); <\/script><\/p>\n<\/div>\n<p><!-- Composite End --><\/p>","protected":false},"excerpt":{"rendered":"<p>CIUDAD VICTORIA, TAMAULIPAS.- Existe total disposici\u00f3n del Gobierno de M\u00e9xico para apoyar a Tamaulipas, afirm\u00f3 el gobernador electo Am\u00e9rico Villarreal Anaya, luego de anunciar varias obras y proyectos \u201cpactados\u201d que se concretizar\u00e1n a partir de octubre. Entre ellas se refiri\u00f3 [&hellip;]<\/p>\n","protected":false},"author":2,"featured_media":56522,"comment_status":"open","ping_status":"open","sticky":false,"template":"","format":"standard","meta":[],"categories":[59],"tags":[],"_links":{"self":[{"href":"http:\/\/noticiastelered.com\/PortalDNoticias\/wp-json\/wp\/v2\/posts\/56519"}],"collection":[{"href":"http:\/\/noticiastelered.com\/PortalDNoticias\/wp-json\/wp\/v2\/posts"}],"about":[{"href":"http:\/\/noticiastelered.com\/PortalDNoticias\/wp-json\/wp\/v2\/types\/post"}],"author":[{"embeddable":true,"href":"http:\/\/noticiastelered.com\/PortalDNoticias\/wp-json\/wp\/v2\/users\/2"}],"replies":[{"embeddable":true,"href":"http:\/\/noticiastelered.com\/PortalDNoticias\/wp-json\/wp\/v2\/comments?post=56519"}],"version-history":[{"count":1,"href":"http:\/\/noticiastelered.com\/PortalDNoticias\/wp-json\/wp\/v2\/posts\/56519\/revisions"}],"predecessor-version":[{"id":56521,"href":"http:\/\/noticiastelered.com\/PortalDNoticias\/wp-json\/wp\/v2\/posts\/56519\/revisions\/56521"}],"wp:featuredmedia":[{"embeddable":true,"href":"http:\/\/noticiastelered.com\/PortalDNoticias\/wp-json\/wp\/v2\/media\/56522"}],"wp:attachment":[{"href":"http:\/\/noticiastelered.com\/PortalDNoticias\/wp-json\/wp\/v2\/media?parent=56519"}],"wp:term":[{"taxonomy":"category","embeddable":true,"href":"http:\/\/noticiastelered.com\/PortalDNoticias\/wp-json\/wp\/v2\/categories?post=56519"},{"taxonomy":"post_tag","embeddable":true,"href":"http:\/\/noticiastelered.com\/PortalDNoticias\/wp-json\/wp\/v2\/tags?post=56519"}],"curies":[{"name":"wp","href":"https:\/\/api.w.org\/{rel}","templated":true}]}}