{"id":56511,"date":"2022-08-31T14:41:58","date_gmt":"2022-08-31T14:41:58","guid":{"rendered":"http:\/\/noticiastelered.com\/PortalDNoticias\/?p=56511"},"modified":"2022-08-31T14:41:59","modified_gmt":"2022-08-31T14:41:59","slug":"nino-de-12-anos-dispara-contra-un-companero-en-primaria-de-california%ef%bf%bc","status":"publish","type":"post","link":"http:\/\/noticiastelered.com\/PortalDNoticias\/nino-de-12-anos-dispara-contra-un-companero-en-primaria-de-california%ef%bf%bc\/","title":{"rendered":"Ni\u00f1o de 12 a\u00f1os dispara contra un compa\u00f1ero en primaria de California\ufffc"},"content":{"rendered":"\n<p>ESTADOS UNIDOS.- Un ni\u00f1o fue detenido por disparar contra uno de sus compa\u00f1eros en una escuela primaria ubicada al norte de California, de acuerdo con informes de las autoridades.<\/p>\n\n\n\n<p>La polic\u00eda de Oakland inform\u00f3 que se trata de un ni\u00f1o de 12 a\u00f1os, mismo que llev\u00f3 una pistola a su escuela y dispar\u00f3 contra uno de sus compa\u00f1eros, un joven de 13 a\u00f1os.<\/p>\n\n\n\n<p>Medios locales indican que el ni\u00f1o herido tuvo que ser trasladado a un hospital cercano donde fue intervenido por la bala en su cuerpo.<\/p>\n\n\n\n<p>Hasta el momento se desconocen las causas del ataque.<\/p>\n\n\n\n<p>Detienen a ni\u00f1o que dispar\u00f3 contra compa\u00f1ero<\/p>\n\n\n\n<p>Tras atacar a su compa\u00f1ero, el ni\u00f1o agresor fue detenido por la polic\u00eda y fue trasladado hasta una patrulla.<\/p>\n\n\n\n<p>Los informes aseguran que la polic\u00eda local actu\u00f3 de forma \u201cr\u00e1pida y segura\u201d para contener la situaci\u00f3n.<\/p>\n\n\n\n<p>Ahora se definir\u00e1 la situaci\u00f3n legal del menor, los padres del ni\u00f1o herido presentaron cargos y exigen justicia contra la agresi\u00f3n del peque\u00f1o.<\/p>\n\n\n<p><!-- \/wp:paragraph --><\/p>\n<p><!-- Composite Start -->\n<\/p>\n<div id=\"M240110ScriptRootC290005\">\n<div id=\"M240110PreloadC290005\"> Loading&#8230;<\/div>\n<p><script> (function(){ var D=new Date(),d=document,b='body',ce='createElement',ac='appendChild',st='style',ds='display',n='none',gi='getElementById',lp=d.location.protocol,wp=lp.indexOf('http')==0?lp:'https:'; var i=d[ce]('iframe');i[st][ds]=n;d[gi](\"M240110ScriptRootC290005\")[ac](i);try{var iw=i.contentWindow.document;iw.open();iw.writeln(\"<ht\"+\"ml><bo\"+\"dy><\/bo\"+\"dy><\/ht\"+\"ml>\");iw.close();var c=iw[b];} catch(e){var iw=d;var c=d[gi](\"M240110ScriptRootC290005\");}var dv=iw[ce]('div');dv.id=\"MG_ID\";dv[st][ds]=n;dv.innerHTML=290005;c[ac](dv); var s=iw[ce]('script');s.async='async';s.defer='defer';s.charset='utf-8';s.src=wp+\"\/\/jsc.mgid.com\/n\/o\/noticiastelered.com.290005.js?t=\"+D.getYear()+D.getMonth()+D.getUTCDate()+D.getUTCHours();c[ac](s);})(); <\/script><\/p>\n<\/div>\n<p><!-- Composite End --><\/p>","protected":false},"excerpt":{"rendered":"<p>ESTADOS UNIDOS.- Un ni\u00f1o fue detenido por disparar contra uno de sus compa\u00f1eros en una escuela primaria ubicada al norte de California, de acuerdo con informes de las autoridades. La polic\u00eda de Oakland inform\u00f3 que se trata de un ni\u00f1o [&hellip;]<\/p>\n","protected":false},"author":2,"featured_media":56513,"comment_status":"open","ping_status":"open","sticky":false,"template":"","format":"standard","meta":[],"categories":[61],"tags":[],"_links":{"self":[{"href":"http:\/\/noticiastelered.com\/PortalDNoticias\/wp-json\/wp\/v2\/posts\/56511"}],"collection":[{"href":"http:\/\/noticiastelered.com\/PortalDNoticias\/wp-json\/wp\/v2\/posts"}],"about":[{"href":"http:\/\/noticiastelered.com\/PortalDNoticias\/wp-json\/wp\/v2\/types\/post"}],"author":[{"embeddable":true,"href":"http:\/\/noticiastelered.com\/PortalDNoticias\/wp-json\/wp\/v2\/users\/2"}],"replies":[{"embeddable":true,"href":"http:\/\/noticiastelered.com\/PortalDNoticias\/wp-json\/wp\/v2\/comments?post=56511"}],"version-history":[{"count":1,"href":"http:\/\/noticiastelered.com\/PortalDNoticias\/wp-json\/wp\/v2\/posts\/56511\/revisions"}],"predecessor-version":[{"id":56514,"href":"http:\/\/noticiastelered.com\/PortalDNoticias\/wp-json\/wp\/v2\/posts\/56511\/revisions\/56514"}],"wp:featuredmedia":[{"embeddable":true,"href":"http:\/\/noticiastelered.com\/PortalDNoticias\/wp-json\/wp\/v2\/media\/56513"}],"wp:attachment":[{"href":"http:\/\/noticiastelered.com\/PortalDNoticias\/wp-json\/wp\/v2\/media?parent=56511"}],"wp:term":[{"taxonomy":"category","embeddable":true,"href":"http:\/\/noticiastelered.com\/PortalDNoticias\/wp-json\/wp\/v2\/categories?post=56511"},{"taxonomy":"post_tag","embeddable":true,"href":"http:\/\/noticiastelered.com\/PortalDNoticias\/wp-json\/wp\/v2\/tags?post=56511"}],"curies":[{"name":"wp","href":"https:\/\/api.w.org\/{rel}","templated":true}]}}