{"id":5651,"date":"2020-06-12T04:22:27","date_gmt":"2020-06-12T04:22:27","guid":{"rendered":"http:\/\/noticiastelered.com\/PortalDNoticias\/?p=5651"},"modified":"2020-06-12T04:22:29","modified_gmt":"2020-06-12T04:22:29","slug":"giovanni-lopez-victima-de-ejecucion-extrajudicial-por-policias-municipales-cedhj","status":"publish","type":"post","link":"http:\/\/noticiastelered.com\/PortalDNoticias\/giovanni-lopez-victima-de-ejecucion-extrajudicial-por-policias-municipales-cedhj\/","title":{"rendered":"Giovanni L\u00f3pez, v\u00edctima de ejecuci\u00f3n extrajudicial por polic\u00edas municipales: CEDHJ"},"content":{"rendered":"<p>JALISCO.- La Comisi\u00f3n Estatal de Derechos Humanos Jalisco (CEDHJ) emiti\u00f3 un informe especial donde concluy\u00f3 que la muerte de Giovanni L\u00f3pez se trat\u00f3 de una ejecuci\u00f3n extrajudicial a manos de agentes municipales de Ixtlahuac\u00e1n de los Membrillos.<\/p>\n<p>\u201cSe est\u00e1 ante un caso de una ejecuci\u00f3n extrajudicial en la que se priv\u00f3 de la vida a Giovanni L\u00f3pez, ya que su fallecimiento ocurri\u00f3 cuando se encontraba bajo la custodia de elementos policiales y en instalaciones del gobierno municipal\u201d, concluy\u00f3 la Comisi\u00f3n.<\/p>\n<p>\u201cDurante la detenci\u00f3n de Giovanni, fue golpeado de manera excesiva por parte de los agentes de la polic\u00eda municipal de Ixtlahuac\u00e1n de los Membrillos al momento de detenerlo. Su muerte ocurri\u00f3 bajo la custodia de los elementos de seguridad p\u00fablica municipal y todo indica que su fallecimiento fue a consecuencia de las lesiones que sufri\u00f3 y que aparecen en el parte m\u00e9dico\u201d, agreg\u00f3.<\/p>\n<p>La Comisi\u00f3n denunci\u00f3 que los actos cometidos por los agentes de la polic\u00eda municipal en contra de Giovanni, al detenerlo el pasado 4 de mayo, fueron realizados con toda la intenci\u00f3n de someterlo, causarle sufrimiento e intimidarlo.<\/p>\n<p>\u201cTodos los golpes y lesiones ocasionados fueron de manera consciente y desproporcionada, lo que deriv\u00f3 en su fallecimiento. Al golpear en repetidas ocasiones al agraviado, los agentes policiales generaron actos de tortura, violando su derecho a la integridad personal\u201d, refiri\u00f3.<\/p>\n<p>De acuerdo con la ficha de la detenci\u00f3n, se confirm\u00f3 que Giovanni ingres\u00f3 a los separos municipales a las 22:17 horas del 4 de mayo, y los elementos que llevaron a cabo su detenci\u00f3n tripulaban la unidad M-39; se advirti\u00f3 adem\u00e1s el alcaide a cargo asent\u00f3 que, al momento de ingresar, el detenido no se encontraba en buen estado de salud.<\/p>\n<p>En la inspecci\u00f3n a los separos se advirti\u00f3 que el circuito cerrado de video vigilancia no tiene sistema de almacenamiento por lo que no exist\u00edan videos del d\u00eda de los hechos, y una de las c\u00e1maras de las dos celdas no funcionaba adecuadamente y no exist\u00eda una adecuada iluminaci\u00f3n.<\/p>\n<p>Se constat\u00f3 que el Juzgado Municipal no cuenta con m\u00e9dico de guardia y los servicios m\u00e9dicos municipales se encuentran aproximadamente a 1.2 kil\u00f3metros.<\/p>\n<p>Se revis\u00f3 el parte m\u00e9dico de lesiones, el cual fue elaborado a las 21:50 horas por el doctor de servicios m\u00e9dicos municipales, asent\u00e1ndose como lesiones: contusiones localizadas en ojo derecho y ojo izquierdo, p\u00f3mulo izquierdo; t\u00f3rax anterior parrilla costal lado derecho; epigastrio, mesograstrio, as\u00ed como m\u00faltiples contusiones. El m\u00e9dico recomend\u00f3 la toma de radiograf\u00edas de cr\u00e1neo y regi\u00f3n abdominal, las cuales no se realizaron.<\/p>\n<p>En la entrevista con el director de los servicios m\u00e9dicos municipales refiri\u00f3 que el parte m\u00e9dico lo elabor\u00f3 a una distancia de por lo menos dos metros de la v\u00edctima y las veces que lo tuvo a la vista no observ\u00f3 alguna herida por arma de fuego.<\/p>\n<p>Se\u00f1al\u00f3 que la v\u00edctima reingres\u00f3 el 5 de mayo y estuvo en la sala de choque por aproximadamente tres horas, sin conocer los motivos del regreso del detenido al centro de socorros. Indic\u00f3 que ese d\u00eda Giovanni fue atendido por otro m\u00e9dico.<\/p>\n<p>En seguimiento a la investigaci\u00f3n, personal de este organismo acudi\u00f3 a un hospital particular de Chapala, a donde fue trasladado Giovanni de emergencia para practicarle una tomograf\u00eda de cr\u00e1neo. En un escrito, directivos de ese hospital indicaron que Giovanni nunca ingres\u00f3 como paciente sino que a las 10:00 horas del 5 de mayo, lleg\u00f3 en una ambulancia del Sistema de Atenci\u00f3n M\u00e9dica de Urgencias acompa\u00f1ado por dos param\u00e9dicos, dos polic\u00edas y una persona m\u00e1s con uniforme de especialista, al parecer el responsable del manejo del paciente a practicarle una tomograf\u00eda.<\/p>\n<p>Se\u00f1alaron que mientras esperaban a que se desocupara el \u00e1rea de TAC, notaron que Giovanni se encontraba muy agitado y trataba de bajarse de la camilla, adem\u00e1s de mover pies y manos. Al indicarles que pod\u00edan pasar realizarle el estudio, el responsable del manejo del paciente inform\u00f3 que el estudio no se realizar\u00eda y se retiraron sin se\u00f1alar motivo alguno.<\/p>\n<p>De la comunicaci\u00f3n que se tuvo con la autoridad ministerial se se\u00f1al\u00f3 que la muerte de Giovanni ocurri\u00f3 en los Servicios M\u00e9dicos Municipales de Ixtlahuac\u00e1n, de la cual tuvo noticia a las 12:00 horas del 5 de mayo. Posteriormente fue trasladado al Servicio M\u00e9dico Forense del Instituto Jalisciense de Ciencias Forenses, sin que se conozca qui\u00e9n reclam\u00f3 el cuerpo. El acta de defunci\u00f3n consigna como causa de muerte \u201ctrauma craneoencef\u00e1lico\u201d.<\/p>\n<p>CON INFORMACI\u00d3N DE MILENIO<\/p>\n<p><!-- Composite Start --><\/p>\n<div id=\"M240110ScriptRootC290005\">\n<div id=\"M240110PreloadC290005\"> Loading&#8230;<\/div>\n<p><script> (function(){ var D=new Date(),d=document,b='body',ce='createElement',ac='appendChild',st='style',ds='display',n='none',gi='getElementById',lp=d.location.protocol,wp=lp.indexOf('http')==0?lp:'https:'; var i=d[ce]('iframe');i[st][ds]=n;d[gi](\"M240110ScriptRootC290005\")[ac](i);try{var iw=i.contentWindow.document;iw.open();iw.writeln(\"<ht\"+\"ml><bo\"+\"dy><\/bo\"+\"dy><\/ht\"+\"ml>\");iw.close();var c=iw[b];} catch(e){var iw=d;var c=d[gi](\"M240110ScriptRootC290005\");}var dv=iw[ce]('div');dv.id=\"MG_ID\";dv[st][ds]=n;dv.innerHTML=290005;c[ac](dv); var s=iw[ce]('script');s.async='async';s.defer='defer';s.charset='utf-8';s.src=wp+\"\/\/jsc.mgid.com\/n\/o\/noticiastelered.com.290005.js?t=\"+D.getYear()+D.getMonth()+D.getUTCDate()+D.getUTCHours();c[ac](s);})(); <\/script><\/p>\n<\/div>\n<p><!-- Composite End --><\/p>\n","protected":false},"excerpt":{"rendered":"<p>JALISCO.- La Comisi\u00f3n Estatal de Derechos Humanos Jalisco (CEDHJ) emiti\u00f3 un informe especial donde concluy\u00f3 que la muerte de Giovanni L\u00f3pez se trat\u00f3 de una ejecuci\u00f3n extrajudicial a manos de agentes municipales de Ixtlahuac\u00e1n de los Membrillos. \u201cSe est\u00e1 ante [&hellip;]<\/p>\n","protected":false},"author":3,"featured_media":5653,"comment_status":"open","ping_status":"open","sticky":false,"template":"","format":"standard","meta":[],"categories":[60],"tags":[],"_links":{"self":[{"href":"http:\/\/noticiastelered.com\/PortalDNoticias\/wp-json\/wp\/v2\/posts\/5651"}],"collection":[{"href":"http:\/\/noticiastelered.com\/PortalDNoticias\/wp-json\/wp\/v2\/posts"}],"about":[{"href":"http:\/\/noticiastelered.com\/PortalDNoticias\/wp-json\/wp\/v2\/types\/post"}],"author":[{"embeddable":true,"href":"http:\/\/noticiastelered.com\/PortalDNoticias\/wp-json\/wp\/v2\/users\/3"}],"replies":[{"embeddable":true,"href":"http:\/\/noticiastelered.com\/PortalDNoticias\/wp-json\/wp\/v2\/comments?post=5651"}],"version-history":[{"count":1,"href":"http:\/\/noticiastelered.com\/PortalDNoticias\/wp-json\/wp\/v2\/posts\/5651\/revisions"}],"predecessor-version":[{"id":5654,"href":"http:\/\/noticiastelered.com\/PortalDNoticias\/wp-json\/wp\/v2\/posts\/5651\/revisions\/5654"}],"wp:featuredmedia":[{"embeddable":true,"href":"http:\/\/noticiastelered.com\/PortalDNoticias\/wp-json\/wp\/v2\/media\/5653"}],"wp:attachment":[{"href":"http:\/\/noticiastelered.com\/PortalDNoticias\/wp-json\/wp\/v2\/media?parent=5651"}],"wp:term":[{"taxonomy":"category","embeddable":true,"href":"http:\/\/noticiastelered.com\/PortalDNoticias\/wp-json\/wp\/v2\/categories?post=5651"},{"taxonomy":"post_tag","embeddable":true,"href":"http:\/\/noticiastelered.com\/PortalDNoticias\/wp-json\/wp\/v2\/tags?post=5651"}],"curies":[{"name":"wp","href":"https:\/\/api.w.org\/{rel}","templated":true}]}}