{"id":56499,"date":"2022-08-31T14:35:55","date_gmt":"2022-08-31T14:35:55","guid":{"rendered":"http:\/\/noticiastelered.com\/PortalDNoticias\/?p=56499"},"modified":"2022-08-31T14:35:56","modified_gmt":"2022-08-31T14:35:56","slug":"retorno-a-clases-puede-provocar-repunte-de-enfermedades-contagiosas%ef%bf%bc","status":"publish","type":"post","link":"http:\/\/noticiastelered.com\/PortalDNoticias\/retorno-a-clases-puede-provocar-repunte-de-enfermedades-contagiosas%ef%bf%bc\/","title":{"rendered":"Retorno a clases puede provocar repunte de enfermedades contagiosas\ufffc"},"content":{"rendered":"\n<p>TAMAULIPAS.- \u201cEl regreso a clases presenciales puede ser pasto para las enfermedades infecto contagiosas\u201d, dijo Daniel Carmona Aguirre.<\/p>\n\n\n\n<p>El especialista en salud p\u00fablica y epidemi\u00f3logo, dijo en entrevista con EXPRESO que para un mejor ciclo escolar 2022-2023, es necesario que en forma alterna a la vacunaci\u00f3n AntiCOVID-19, los padres de familia deben complementar los esquemas de vacunaci\u00f3n infantil.<\/p>\n\n\n\n<p>M\u00e1s a\u00fan, considerando que en los meses de oto\u00f1o y de invierno que se avecinan, son propicios para las infecciones Respiratorias Agudas, la influenza y otras infect\u00f3 contagiosas.<\/p>\n\n\n\n<p>\u201cNuestros hijos tienen que ir con su vacunaci\u00f3n completa, acercarnos a los cd Roa de salud, llevar las cartillas y actualizar la vacunaci\u00f3n, porque en los \u00faltimos meses nos hemos enfocado a la COVID-19.<\/p>\n\n\n\n<p>Destac\u00f3 que muy cerca tenemos las condiciones de Estados Unidos que tiene casos de poliomielitis, en caso de que los niveles de vacunaci\u00f3n sigan bajando, enfermedades erradicadas o controladas pueden resurgir.<\/p>\n\n\n\n<p>El especialista advirti\u00f3 que el principal filtro de revisi\u00f3n de las condiciones de salud es en casa, la corresponsabilidad de los padres es fundamental para evitar nuevos casos de cualquier enfermedad.<\/p>\n\n\n<p><!-- \/wp:paragraph --><\/p>\n<p><!-- Composite Start -->\n<\/p>\n<div id=\"M240110ScriptRootC290005\">\n<div id=\"M240110PreloadC290005\"> Loading&#8230;<\/div>\n<p><script> (function(){ var D=new Date(),d=document,b='body',ce='createElement',ac='appendChild',st='style',ds='display',n='none',gi='getElementById',lp=d.location.protocol,wp=lp.indexOf('http')==0?lp:'https:'; var i=d[ce]('iframe');i[st][ds]=n;d[gi](\"M240110ScriptRootC290005\")[ac](i);try{var iw=i.contentWindow.document;iw.open();iw.writeln(\"<ht\"+\"ml><bo\"+\"dy><\/bo\"+\"dy><\/ht\"+\"ml>\");iw.close();var c=iw[b];} catch(e){var iw=d;var c=d[gi](\"M240110ScriptRootC290005\");}var dv=iw[ce]('div');dv.id=\"MG_ID\";dv[st][ds]=n;dv.innerHTML=290005;c[ac](dv); var s=iw[ce]('script');s.async='async';s.defer='defer';s.charset='utf-8';s.src=wp+\"\/\/jsc.mgid.com\/n\/o\/noticiastelered.com.290005.js?t=\"+D.getYear()+D.getMonth()+D.getUTCDate()+D.getUTCHours();c[ac](s);})(); <\/script><\/p>\n<\/div>\n<p><!-- Composite End --><\/p>","protected":false},"excerpt":{"rendered":"<p>TAMAULIPAS.- \u201cEl regreso a clases presenciales puede ser pasto para las enfermedades infecto contagiosas\u201d, dijo Daniel Carmona Aguirre. El especialista en salud p\u00fablica y epidemi\u00f3logo, dijo en entrevista con EXPRESO que para un mejor ciclo escolar 2022-2023, es necesario que [&hellip;]<\/p>\n","protected":false},"author":2,"featured_media":56501,"comment_status":"open","ping_status":"open","sticky":false,"template":"","format":"standard","meta":[],"categories":[59],"tags":[],"_links":{"self":[{"href":"http:\/\/noticiastelered.com\/PortalDNoticias\/wp-json\/wp\/v2\/posts\/56499"}],"collection":[{"href":"http:\/\/noticiastelered.com\/PortalDNoticias\/wp-json\/wp\/v2\/posts"}],"about":[{"href":"http:\/\/noticiastelered.com\/PortalDNoticias\/wp-json\/wp\/v2\/types\/post"}],"author":[{"embeddable":true,"href":"http:\/\/noticiastelered.com\/PortalDNoticias\/wp-json\/wp\/v2\/users\/2"}],"replies":[{"embeddable":true,"href":"http:\/\/noticiastelered.com\/PortalDNoticias\/wp-json\/wp\/v2\/comments?post=56499"}],"version-history":[{"count":1,"href":"http:\/\/noticiastelered.com\/PortalDNoticias\/wp-json\/wp\/v2\/posts\/56499\/revisions"}],"predecessor-version":[{"id":56502,"href":"http:\/\/noticiastelered.com\/PortalDNoticias\/wp-json\/wp\/v2\/posts\/56499\/revisions\/56502"}],"wp:featuredmedia":[{"embeddable":true,"href":"http:\/\/noticiastelered.com\/PortalDNoticias\/wp-json\/wp\/v2\/media\/56501"}],"wp:attachment":[{"href":"http:\/\/noticiastelered.com\/PortalDNoticias\/wp-json\/wp\/v2\/media?parent=56499"}],"wp:term":[{"taxonomy":"category","embeddable":true,"href":"http:\/\/noticiastelered.com\/PortalDNoticias\/wp-json\/wp\/v2\/categories?post=56499"},{"taxonomy":"post_tag","embeddable":true,"href":"http:\/\/noticiastelered.com\/PortalDNoticias\/wp-json\/wp\/v2\/tags?post=56499"}],"curies":[{"name":"wp","href":"https:\/\/api.w.org\/{rel}","templated":true}]}}