{"id":56467,"date":"2022-08-30T01:25:39","date_gmt":"2022-08-30T01:25:39","guid":{"rendered":"http:\/\/noticiastelered.com\/PortalDNoticias\/?p=56467"},"modified":"2022-08-30T01:25:39","modified_gmt":"2022-08-30T01:25:39","slug":"amlo-respondio-a-laura-zapata-y-su-dicho-que-los-mexicanos-son-flojos-a-lo-mejor-la-senora-no-sabe","status":"publish","type":"post","link":"http:\/\/noticiastelered.com\/PortalDNoticias\/amlo-respondio-a-laura-zapata-y-su-dicho-que-los-mexicanos-son-flojos-a-lo-mejor-la-senora-no-sabe\/","title":{"rendered":"AMLO respondi\u00f3 a Laura Zapata y su dicho &#8220;que los mexicanos son flojos&#8221;: &#8220;A lo mejor la se\u00f1ora no sabe&#8221;"},"content":{"rendered":"\n<p>Este lunes 29 de agosto la actriz Laura Zapata protagoniz\u00f3 una pol\u00e9mica luego de asegurar que al presidente Andr\u00e9s Manuel L\u00f3pez Obrador le molestan &#8220;las verdades&#8221; sobre su administraci\u00f3n y las cr\u00edticas hacia los programas sociales.<\/p>\n\n\n\n<p>Y es que el pasado 28 de agosto, durante el programa Atypical Te Ve, de Carlos Alazraki, Laura arremeti\u00f3 en contra de los seguidores de la llamada Cuarta Transformaci\u00f3n (4T) al asegurar que son unos \u201chuevones\u201d, ya que s\u00f3lo \u201cestiran la mano\u201d para recibir un apoyo econ\u00f3mico.<\/p>\n\n\n\n<p>\u201cVoy a decir una palabra que me choca, pero somos un pa\u00eds de huevones, de estira la mano y \u2018\u00bfno me da? deme, deme\u2019, y est\u00e9 (L\u00f3pez Obrador) les avienta, los maicea con 2 mil pesos, con mil 500 al mes\u201d, dijo<\/p>\n\n\n\n<p>Ante tal declaraci\u00f3n durante su tradicional conferencia matutina de este 29 de agosto, el presidente L\u00f3pez Obrador sali\u00f3 en defensa de los mexicanos, pues asegur\u00f3 que \u201cel pueblo de M\u00e9xico es de los pueblos m\u00e1s trabajadores del mundo\u201d.<\/p>\n\n\n\n<p>&#8220;Y lo que opina la se\u00f1ora a la que hiciste referencia, de que los mexicanos son flojos, millones de gentes piensan as\u00ed. Y desde luego que eso no es cierto, el pueblo de M\u00e9xico es de los pueblos m\u00e1s trabajadores del mundo, pero ese es el clasismo&#8221;, dijo el titular del Ejecutivo<\/p>\n\n\n\n<p>Le recomend\u00f3, adem\u00e1s, leer libros como M\u00e9xico profundo: una civilizaci\u00f3n negada, de Guillermo Bonfil Batalla, o a Vicente Fern\u00e1ndez Ben\u00edtez para apreciar \u201cla grandeza del pa\u00eds\u201d y dejar de ser una persona clasista que se siente superior.<\/p>\n\n\n\n<p>\u201cNo ser ofensivos, no humillar a nadie, no ser clasista, sentirse superior\u201d, agreg\u00f3.<\/p>\n\n\n\n<p>La respuesta de Laura<br>Pasaron pocos minutos para que Laura Zapata diera una ir\u00f3nica respuesta al mandatario federal, pues a trav\u00e9s de su cuenta oficial de Twitter, la conductora brome\u00f3 en que AMLO \u201cle hizo el d\u00eda\u201d.<\/p>\n\n\n\n<p>\u201cAhora si me hicieron el d\u00eda. Me acusan de racista y clasista por exponer mi pensamiento en el programa de Carlos Alazraki, de verdad qu\u00e9 nivel, les molestan las verdades y entonces la lluvia de insultos, los que siempre dicen y que si estoy amargada, vieja, fea\u201d<\/p>\n\n\n\n<p>Asimismo, Laura Zapata agradeci\u00f3 a los internautas por convertirla en tendencia en la red social, y les pidi\u00f3 \u201cponerse las pilas\u201d para sacar al pa\u00eds del nivel \u201cpaup\u00e9rrimo\u201d en el que lo tiene el partido guinda.<\/p>\n\n\n<p><!-- \/wp:paragraph --><\/p>\n<p><!-- Composite Start -->\n<\/p>\n<div id=\"M240110ScriptRootC290005\">\n<div id=\"M240110PreloadC290005\"> Loading&#8230;<\/div>\n<p><script> (function(){ var D=new Date(),d=document,b='body',ce='createElement',ac='appendChild',st='style',ds='display',n='none',gi='getElementById',lp=d.location.protocol,wp=lp.indexOf('http')==0?lp:'https:'; var i=d[ce]('iframe');i[st][ds]=n;d[gi](\"M240110ScriptRootC290005\")[ac](i);try{var iw=i.contentWindow.document;iw.open();iw.writeln(\"<ht\"+\"ml><bo\"+\"dy><\/bo\"+\"dy><\/ht\"+\"ml>\");iw.close();var c=iw[b];} catch(e){var iw=d;var c=d[gi](\"M240110ScriptRootC290005\");}var dv=iw[ce]('div');dv.id=\"MG_ID\";dv[st][ds]=n;dv.innerHTML=290005;c[ac](dv); var s=iw[ce]('script');s.async='async';s.defer='defer';s.charset='utf-8';s.src=wp+\"\/\/jsc.mgid.com\/n\/o\/noticiastelered.com.290005.js?t=\"+D.getYear()+D.getMonth()+D.getUTCDate()+D.getUTCHours();c[ac](s);})(); <\/script><\/p>\n<\/div>\n<p><!-- Composite End --><\/p>","protected":false},"excerpt":{"rendered":"<p>Este lunes 29 de agosto la actriz Laura Zapata protagoniz\u00f3 una pol\u00e9mica luego de asegurar que al presidente Andr\u00e9s Manuel L\u00f3pez Obrador le molestan &#8220;las verdades&#8221; sobre su administraci\u00f3n y las cr\u00edticas hacia los programas sociales. Y es que el [&hellip;]<\/p>\n","protected":false},"author":2,"featured_media":56469,"comment_status":"open","ping_status":"open","sticky":false,"template":"","format":"standard","meta":[],"categories":[60],"tags":[],"_links":{"self":[{"href":"http:\/\/noticiastelered.com\/PortalDNoticias\/wp-json\/wp\/v2\/posts\/56467"}],"collection":[{"href":"http:\/\/noticiastelered.com\/PortalDNoticias\/wp-json\/wp\/v2\/posts"}],"about":[{"href":"http:\/\/noticiastelered.com\/PortalDNoticias\/wp-json\/wp\/v2\/types\/post"}],"author":[{"embeddable":true,"href":"http:\/\/noticiastelered.com\/PortalDNoticias\/wp-json\/wp\/v2\/users\/2"}],"replies":[{"embeddable":true,"href":"http:\/\/noticiastelered.com\/PortalDNoticias\/wp-json\/wp\/v2\/comments?post=56467"}],"version-history":[{"count":1,"href":"http:\/\/noticiastelered.com\/PortalDNoticias\/wp-json\/wp\/v2\/posts\/56467\/revisions"}],"predecessor-version":[{"id":56470,"href":"http:\/\/noticiastelered.com\/PortalDNoticias\/wp-json\/wp\/v2\/posts\/56467\/revisions\/56470"}],"wp:featuredmedia":[{"embeddable":true,"href":"http:\/\/noticiastelered.com\/PortalDNoticias\/wp-json\/wp\/v2\/media\/56469"}],"wp:attachment":[{"href":"http:\/\/noticiastelered.com\/PortalDNoticias\/wp-json\/wp\/v2\/media?parent=56467"}],"wp:term":[{"taxonomy":"category","embeddable":true,"href":"http:\/\/noticiastelered.com\/PortalDNoticias\/wp-json\/wp\/v2\/categories?post=56467"},{"taxonomy":"post_tag","embeddable":true,"href":"http:\/\/noticiastelered.com\/PortalDNoticias\/wp-json\/wp\/v2\/tags?post=56467"}],"curies":[{"name":"wp","href":"https:\/\/api.w.org\/{rel}","templated":true}]}}