{"id":56455,"date":"2022-08-30T01:17:32","date_gmt":"2022-08-30T01:17:32","guid":{"rendered":"http:\/\/noticiastelered.com\/PortalDNoticias\/?p=56455"},"modified":"2022-08-30T01:17:32","modified_gmt":"2022-08-30T01:17:32","slug":"suspenderan-trabajos-de-rescate-y-se-hara-una-capilla-familiares-de-mineros%ef%bf%bc","status":"publish","type":"post","link":"http:\/\/noticiastelered.com\/PortalDNoticias\/suspenderan-trabajos-de-rescate-y-se-hara-una-capilla-familiares-de-mineros%ef%bf%bc\/","title":{"rendered":"Suspender\u00e1n trabajos de rescate y se har\u00e1 una capilla: familiares de mineros\ufffc"},"content":{"rendered":"\n<p>M\u00c9XICO.- Los trabajos de rescate en la mina El Pinabete de Sabinas, Coahuila, ser\u00e1n suspendidos, pero se continuar\u00e1n con las labores de desag\u00fce y las bombas se parar\u00e1n el pr\u00f3ximo viernes, de acuerdo con familiares de los 10 mineros que permanecen atrapados.<\/p>\n\n\n\n<p>\u201cYa no se va hacer el tajo y se va a indemnizar, el s\u00e1bado habr\u00e1 una misa luctuosa para despedirnos de ellos\u201d, dijo uno de los familiares de los trabajadores que quedaron atrapados en la mina desde el 3 de agosto.<\/p>\n\n\n\n<p>Manifestaron que lo anterior fue informado ayer domingo a las 19:00 horas por parte de la coordinadora Nacional de Protecci\u00f3n Civil, Laura Vel\u00e1zquez Alz\u00faa.<\/p>\n\n\n\n<p>Los familiares dieron a conocer que se va hacer una capilla, de acuerdo a la propuesta de la funcionaria federal y que ah\u00ed se quedar\u00e1n los mineros atrapados.<\/p>\n\n\n\n<p>La cantidad de la indemnizaci\u00f3n no se les ha dado a conocer por cuestiones de seguridad.<\/p>\n\n\n\n<p>Tambi\u00e9n informaron la propuesta de hacer una capilla como memorial para honrarlos y firmar\u00e1n un acuerdo el pr\u00f3ximo s\u00e1bado.<\/p>\n\n\n\n<p>Tras parar las labores de rescate los cuerpos quedar\u00e1n bajo tierra, sin embrago, no todos los familiares est\u00e1n de acuerdo ya que la tradici\u00f3n es llevarles flores en el pante\u00f3n y hacerles su velaci\u00f3n en una capilla.<\/p>\n\n\n<p><!-- \/wp:paragraph --><\/p>\n<p><!-- Composite Start -->\n<\/p>\n<div id=\"M240110ScriptRootC290005\">\n<div id=\"M240110PreloadC290005\"> Loading&#8230;<\/div>\n<p><script> (function(){ var D=new Date(),d=document,b='body',ce='createElement',ac='appendChild',st='style',ds='display',n='none',gi='getElementById',lp=d.location.protocol,wp=lp.indexOf('http')==0?lp:'https:'; var i=d[ce]('iframe');i[st][ds]=n;d[gi](\"M240110ScriptRootC290005\")[ac](i);try{var iw=i.contentWindow.document;iw.open();iw.writeln(\"<ht\"+\"ml><bo\"+\"dy><\/bo\"+\"dy><\/ht\"+\"ml>\");iw.close();var c=iw[b];} catch(e){var iw=d;var c=d[gi](\"M240110ScriptRootC290005\");}var dv=iw[ce]('div');dv.id=\"MG_ID\";dv[st][ds]=n;dv.innerHTML=290005;c[ac](dv); var s=iw[ce]('script');s.async='async';s.defer='defer';s.charset='utf-8';s.src=wp+\"\/\/jsc.mgid.com\/n\/o\/noticiastelered.com.290005.js?t=\"+D.getYear()+D.getMonth()+D.getUTCDate()+D.getUTCHours();c[ac](s);})(); <\/script><\/p>\n<\/div>\n<p><!-- Composite End --><\/p>","protected":false},"excerpt":{"rendered":"<p>M\u00c9XICO.- Los trabajos de rescate en la mina El Pinabete de Sabinas, Coahuila, ser\u00e1n suspendidos, pero se continuar\u00e1n con las labores de desag\u00fce y las bombas se parar\u00e1n el pr\u00f3ximo viernes, de acuerdo con familiares de los 10 mineros que [&hellip;]<\/p>\n","protected":false},"author":2,"featured_media":56457,"comment_status":"open","ping_status":"open","sticky":false,"template":"","format":"standard","meta":[],"categories":[60],"tags":[],"_links":{"self":[{"href":"http:\/\/noticiastelered.com\/PortalDNoticias\/wp-json\/wp\/v2\/posts\/56455"}],"collection":[{"href":"http:\/\/noticiastelered.com\/PortalDNoticias\/wp-json\/wp\/v2\/posts"}],"about":[{"href":"http:\/\/noticiastelered.com\/PortalDNoticias\/wp-json\/wp\/v2\/types\/post"}],"author":[{"embeddable":true,"href":"http:\/\/noticiastelered.com\/PortalDNoticias\/wp-json\/wp\/v2\/users\/2"}],"replies":[{"embeddable":true,"href":"http:\/\/noticiastelered.com\/PortalDNoticias\/wp-json\/wp\/v2\/comments?post=56455"}],"version-history":[{"count":1,"href":"http:\/\/noticiastelered.com\/PortalDNoticias\/wp-json\/wp\/v2\/posts\/56455\/revisions"}],"predecessor-version":[{"id":56458,"href":"http:\/\/noticiastelered.com\/PortalDNoticias\/wp-json\/wp\/v2\/posts\/56455\/revisions\/56458"}],"wp:featuredmedia":[{"embeddable":true,"href":"http:\/\/noticiastelered.com\/PortalDNoticias\/wp-json\/wp\/v2\/media\/56457"}],"wp:attachment":[{"href":"http:\/\/noticiastelered.com\/PortalDNoticias\/wp-json\/wp\/v2\/media?parent=56455"}],"wp:term":[{"taxonomy":"category","embeddable":true,"href":"http:\/\/noticiastelered.com\/PortalDNoticias\/wp-json\/wp\/v2\/categories?post=56455"},{"taxonomy":"post_tag","embeddable":true,"href":"http:\/\/noticiastelered.com\/PortalDNoticias\/wp-json\/wp\/v2\/tags?post=56455"}],"curies":[{"name":"wp","href":"https:\/\/api.w.org\/{rel}","templated":true}]}}