{"id":56451,"date":"2022-08-30T01:15:29","date_gmt":"2022-08-30T01:15:29","guid":{"rendered":"http:\/\/noticiastelered.com\/PortalDNoticias\/?p=56451"},"modified":"2022-08-30T01:15:30","modified_gmt":"2022-08-30T01:15:30","slug":"lanzan-nuevo-album-de-selena-a-27-anos-de-su-muerte%ef%bf%bc","status":"publish","type":"post","link":"http:\/\/noticiastelered.com\/PortalDNoticias\/lanzan-nuevo-album-de-selena-a-27-anos-de-su-muerte%ef%bf%bc\/","title":{"rendered":"Lanzan nuevo \u00e1lbum de Selena a 27 a\u00f1os de su muerte\ufffc"},"content":{"rendered":"\n<p>M\u00c9XICO.- La familia Quintanilla lanz\u00f3 un nuevo \u00e1lbum de Selena titulado \u201cMoonchild Mixes\u201d, a 27 a\u00f1os de la muerte de la reina del Tex-Mex.<\/p>\n\n\n\n<p>Esto, dijo, con la intenci\u00f3n de cumplir la promesa hecha a la cantante de mantener su memoria viva a trav\u00e9s de la m\u00fasica.<\/p>\n\n\n\n<p>Dicho \u00e1lbum fue creado bajo la firma de Warner Music y contiene 10 canciones in\u00e9ditas al p\u00fablico y tres m\u00e1s remasterizadas.<\/p>\n\n\n\n<p>Fueron A.B. (Abraham Isaac) Quintanilla y Suzette Quintanilla, los encargados de trabajar en la producci\u00f3n de las canciones y el dise\u00f1o del disco.<\/p>\n\n\n\n<p>A.B. Quintanilla relat\u00f3 en entrevista para medios que \u00e9l se encarg\u00f3 de trabajar la voz de Selena para que suene \u201cm\u00e1s madura\u201d, debido a que algunas de las pistas fueron grabadas cuando la fallecida cantante era menor de edad; la primera la grab\u00f3 a los 13 a\u00f1os.<\/p>\n\n\n\n<p>El p\u00fablico todav\u00eda la recuerda. No la han olvidado y han estado esperando un proyecto as\u00ed\u201d, afirm\u00f3 el padre, Abraham Quintanilla, quien destac\u00f3 adem\u00e1s que se trat\u00f3 de un esfuerzo en el que particip\u00f3 toda la familia.<\/p>\n\n\n\n<p>Sobre el nombre del disco, dijeron que \u201cMoonchild Mixes\u201d surgi\u00f3 debido a que, en griego, Selena quiere decir \u201cDiosa de la luna\u201d.<\/p>\n\n\n\n<p>Ella le puso as\u00ed a su marca de ropa y nos pareci\u00f3 perfecto para esta nueva era de su m\u00fasica\u201d, indic\u00f3 su hermana Suzette.<\/p>\n\n\n\n<p>La cantante Selena Quintanilla fue asesinada a los 23 a\u00f1os por la presidenta de su club de fans, Yolanda Sald\u00edvar, el 31 de marzo de 1995.<\/p>\n\n\n<p><!-- \/wp:paragraph --><\/p>\n<p><!-- Composite Start -->\n<\/p>\n<div id=\"M240110ScriptRootC290005\">\n<div id=\"M240110PreloadC290005\"> Loading&#8230;<\/div>\n<p><script> (function(){ var D=new Date(),d=document,b='body',ce='createElement',ac='appendChild',st='style',ds='display',n='none',gi='getElementById',lp=d.location.protocol,wp=lp.indexOf('http')==0?lp:'https:'; var i=d[ce]('iframe');i[st][ds]=n;d[gi](\"M240110ScriptRootC290005\")[ac](i);try{var iw=i.contentWindow.document;iw.open();iw.writeln(\"<ht\"+\"ml><bo\"+\"dy><\/bo\"+\"dy><\/ht\"+\"ml>\");iw.close();var c=iw[b];} catch(e){var iw=d;var c=d[gi](\"M240110ScriptRootC290005\");}var dv=iw[ce]('div');dv.id=\"MG_ID\";dv[st][ds]=n;dv.innerHTML=290005;c[ac](dv); var s=iw[ce]('script');s.async='async';s.defer='defer';s.charset='utf-8';s.src=wp+\"\/\/jsc.mgid.com\/n\/o\/noticiastelered.com.290005.js?t=\"+D.getYear()+D.getMonth()+D.getUTCDate()+D.getUTCHours();c[ac](s);})(); <\/script><\/p>\n<\/div>\n<p><!-- Composite End --><\/p>","protected":false},"excerpt":{"rendered":"<p>M\u00c9XICO.- La familia Quintanilla lanz\u00f3 un nuevo \u00e1lbum de Selena titulado \u201cMoonchild Mixes\u201d, a 27 a\u00f1os de la muerte de la reina del Tex-Mex. Esto, dijo, con la intenci\u00f3n de cumplir la promesa hecha a la cantante de mantener su [&hellip;]<\/p>\n","protected":false},"author":2,"featured_media":56453,"comment_status":"open","ping_status":"open","sticky":false,"template":"","format":"standard","meta":[],"categories":[66],"tags":[],"_links":{"self":[{"href":"http:\/\/noticiastelered.com\/PortalDNoticias\/wp-json\/wp\/v2\/posts\/56451"}],"collection":[{"href":"http:\/\/noticiastelered.com\/PortalDNoticias\/wp-json\/wp\/v2\/posts"}],"about":[{"href":"http:\/\/noticiastelered.com\/PortalDNoticias\/wp-json\/wp\/v2\/types\/post"}],"author":[{"embeddable":true,"href":"http:\/\/noticiastelered.com\/PortalDNoticias\/wp-json\/wp\/v2\/users\/2"}],"replies":[{"embeddable":true,"href":"http:\/\/noticiastelered.com\/PortalDNoticias\/wp-json\/wp\/v2\/comments?post=56451"}],"version-history":[{"count":1,"href":"http:\/\/noticiastelered.com\/PortalDNoticias\/wp-json\/wp\/v2\/posts\/56451\/revisions"}],"predecessor-version":[{"id":56454,"href":"http:\/\/noticiastelered.com\/PortalDNoticias\/wp-json\/wp\/v2\/posts\/56451\/revisions\/56454"}],"wp:featuredmedia":[{"embeddable":true,"href":"http:\/\/noticiastelered.com\/PortalDNoticias\/wp-json\/wp\/v2\/media\/56453"}],"wp:attachment":[{"href":"http:\/\/noticiastelered.com\/PortalDNoticias\/wp-json\/wp\/v2\/media?parent=56451"}],"wp:term":[{"taxonomy":"category","embeddable":true,"href":"http:\/\/noticiastelered.com\/PortalDNoticias\/wp-json\/wp\/v2\/categories?post=56451"},{"taxonomy":"post_tag","embeddable":true,"href":"http:\/\/noticiastelered.com\/PortalDNoticias\/wp-json\/wp\/v2\/tags?post=56451"}],"curies":[{"name":"wp","href":"https:\/\/api.w.org\/{rel}","templated":true}]}}