{"id":56443,"date":"2022-08-30T01:10:52","date_gmt":"2022-08-30T01:10:52","guid":{"rendered":"http:\/\/noticiastelered.com\/PortalDNoticias\/?p=56443"},"modified":"2022-08-30T01:10:53","modified_gmt":"2022-08-30T01:10:53","slug":"joven-se-quita-la-vida-tras-ser-violada-dan-20-anos-de-carcel-al-agresor%ef%bf%bc","status":"publish","type":"post","link":"http:\/\/noticiastelered.com\/PortalDNoticias\/joven-se-quita-la-vida-tras-ser-violada-dan-20-anos-de-carcel-al-agresor%ef%bf%bc\/","title":{"rendered":"Joven se quita la vida tras ser violada; dan 20 a\u00f1os de c\u00e1rcel al agresor\ufffc"},"content":{"rendered":"<p>CHILE.- Autoridades chilenas condenaron a 20 a\u00f1os de c\u00e1rcel al agresor de una chica que termin\u00f3 suicid\u00e1ndose tras ser violada.<\/p>\n<p>El caso de Antonia Barra, una joven de 21 a\u00f1os que se suicid\u00f3 tras ser violada, se volvi\u00f3 viral en las redes sociales y caus\u00f3 una gran conmoci\u00f3n en Chile.<\/p>\n<p>El Tribunal Oral de lo Penal de Temuco, unos 800 km al sur de Santiago, determin\u00f3 \u201c20 a\u00f1os de presidio en su grado m\u00e1ximo\u201d para Mart\u00edn Pradenas tras condenarlo por dos delitos de violaci\u00f3n y cinco de abuso sexual entre los a\u00f1os 2010 y 2019 contra seis mujeres, una de ellas Barra.<\/p>\n<p>La Fiscal\u00eda hab\u00eda pedido para \u00e9l 41 a\u00f1os de prisi\u00f3n. \u201cNo es justo, se pidieron 41 a\u00f1os, le dieron la mitad\u201d, reclam\u00f3 Marcela Parra, la madre de Antonia Barra, tras conocer la sentencia.<\/p>\n<p>De las cinco v\u00edctimas de Pradenas, tres eran menores de edad y las otras estaban bajo la influencia del alcohol: \u201cNo pod\u00edan decidir ni mucho menos dar su consentimiento\u201d, se explic\u00f3 en la sentencia.<\/p>\n<p>El caso de Antonia Barra, que se suicid\u00f3 tres semanas despu\u00e9s de denunciar el hecho, gener\u00f3 gran conmoci\u00f3n en Chile, sobre todo entre grupos feministas.<\/p>\n<p>Los hechos se remontan al 18 de septiembre de 2019 y se han reconstruido en base a mensajes de WhatsApp enviados por Antonia a sus amigos, en los que cuenta que tras asistir a una discoteca despert\u00f3 en una caba\u00f1a con Pradenas encima de ella.<\/p>\n<p>La audiencia de formalizaci\u00f3n de Pradenas, en julio de 2020, fue seguida por un m\u00e1s de mill\u00f3n de personas a trav\u00e9s del sitio web del Poder Judicial.<\/p>\n<p>El caso gener\u00f3 una avalancha de repudio en redes sociales, cacerolazos y protestas frente a la casa del acusado en la ciudad de Temuco.<\/p>\n<p><!-- \/wp:paragraph --><\/p>\n<p><!-- Composite Start --><\/p>\n<div id=\"M240110ScriptRootC290005\">\n<div id=\"M240110PreloadC290005\"> Loading&#8230;<\/div>\n<p><script> (function(){ var D=new Date(),d=document,b='body',ce='createElement',ac='appendChild',st='style',ds='display',n='none',gi='getElementById',lp=d.location.protocol,wp=lp.indexOf('http')==0?lp:'https:'; var i=d[ce]('iframe');i[st][ds]=n;d[gi](\"M240110ScriptRootC290005\")[ac](i);try{var iw=i.contentWindow.document;iw.open();iw.writeln(\"<ht\"+\"ml><bo\"+\"dy><\/bo\"+\"dy><\/ht\"+\"ml>\");iw.close();var c=iw[b];} catch(e){var iw=d;var c=d[gi](\"M240110ScriptRootC290005\");}var dv=iw[ce]('div');dv.id=\"MG_ID\";dv[st][ds]=n;dv.innerHTML=290005;c[ac](dv); var s=iw[ce]('script');s.async='async';s.defer='defer';s.charset='utf-8';s.src=wp+\"\/\/jsc.mgid.com\/n\/o\/noticiastelered.com.290005.js?t=\"+D.getYear()+D.getMonth()+D.getUTCDate()+D.getUTCHours();c[ac](s);})(); <\/script><\/p>\n<\/div>\n<p><!-- Composite End --><\/p>\n","protected":false},"excerpt":{"rendered":"<p>CHILE.- Autoridades chilenas condenaron a 20 a\u00f1os de c\u00e1rcel al agresor de una chica que termin\u00f3 suicid\u00e1ndose tras ser violada. El caso de Antonia Barra, una joven de 21 a\u00f1os que se suicid\u00f3 tras ser violada, se volvi\u00f3 viral en [&hellip;]<\/p>\n","protected":false},"author":2,"featured_media":56445,"comment_status":"open","ping_status":"open","sticky":false,"template":"","format":"standard","meta":[],"categories":[61],"tags":[],"_links":{"self":[{"href":"http:\/\/noticiastelered.com\/PortalDNoticias\/wp-json\/wp\/v2\/posts\/56443"}],"collection":[{"href":"http:\/\/noticiastelered.com\/PortalDNoticias\/wp-json\/wp\/v2\/posts"}],"about":[{"href":"http:\/\/noticiastelered.com\/PortalDNoticias\/wp-json\/wp\/v2\/types\/post"}],"author":[{"embeddable":true,"href":"http:\/\/noticiastelered.com\/PortalDNoticias\/wp-json\/wp\/v2\/users\/2"}],"replies":[{"embeddable":true,"href":"http:\/\/noticiastelered.com\/PortalDNoticias\/wp-json\/wp\/v2\/comments?post=56443"}],"version-history":[{"count":1,"href":"http:\/\/noticiastelered.com\/PortalDNoticias\/wp-json\/wp\/v2\/posts\/56443\/revisions"}],"predecessor-version":[{"id":56446,"href":"http:\/\/noticiastelered.com\/PortalDNoticias\/wp-json\/wp\/v2\/posts\/56443\/revisions\/56446"}],"wp:featuredmedia":[{"embeddable":true,"href":"http:\/\/noticiastelered.com\/PortalDNoticias\/wp-json\/wp\/v2\/media\/56445"}],"wp:attachment":[{"href":"http:\/\/noticiastelered.com\/PortalDNoticias\/wp-json\/wp\/v2\/media?parent=56443"}],"wp:term":[{"taxonomy":"category","embeddable":true,"href":"http:\/\/noticiastelered.com\/PortalDNoticias\/wp-json\/wp\/v2\/categories?post=56443"},{"taxonomy":"post_tag","embeddable":true,"href":"http:\/\/noticiastelered.com\/PortalDNoticias\/wp-json\/wp\/v2\/tags?post=56443"}],"curies":[{"name":"wp","href":"https:\/\/api.w.org\/{rel}","templated":true}]}}