{"id":56431,"date":"2022-08-30T01:04:34","date_gmt":"2022-08-30T01:04:34","guid":{"rendered":"http:\/\/noticiastelered.com\/PortalDNoticias\/?p=56431"},"modified":"2022-08-30T01:04:35","modified_gmt":"2022-08-30T01:04:35","slug":"acecha-a-victoria-pesadilla-regia-baja-presa-a-19-7%ef%bf%bc","status":"publish","type":"post","link":"http:\/\/noticiastelered.com\/PortalDNoticias\/acecha-a-victoria-pesadilla-regia-baja-presa-a-19-7%ef%bf%bc\/","title":{"rendered":"Acecha a Victoria \u201cpesadilla regia\u201d; baja presa a 19.7%\ufffc"},"content":{"rendered":"\n<p>CIUDAD VICTORIA, TAMAULIPAS.- Victoria est\u00e1 en riesgo de llegar a una emergencia similar a la de Monterrey por la falta de agua, luego que la presa Vicente Guerrero ha reducido su nivel al 19.7 por ciento.<\/p>\n\n\n\n<p>Esto se debe a la evaporaci\u00f3n.<\/p>\n\n\n\n<p>Y principalmente por la escasez de agua advirte el gerente de COMAPA Victoria Eliseo Garc\u00eda Leal .<br>En la reuni\u00f3n m\u00e1s reciente de la mesa municipal del agua, expuso que es urgente gestionar recursos para realizar obras de mantenimiento al acueducto que est\u00e1 en operaci\u00f3n.&nbsp;<\/p>\n\n\n\n<p>Los Integrantes de la Mesa del Agua autorizaron al Gobierno de Victoria iniciar la gesti\u00f3n de recursos adicionales ante CONAGUA para realizar trabajos de desazolve en el canal de llamada de la presa.<\/p>\n\n\n\n<p>Esto es urgente para evitar llegar a la etapa de emergencia por falta de lluvias y &nbsp; fallas que registra el equipo de bombeo debido al bajo nivel de almacenamiento de la presa. Actualmente varios estados no usaron recursos financieros para obras de programas&nbsp; de la dependencia federal.<\/p>\n\n\n\n<p>Por ello consider\u00f3 que es urgente gestionar recursos a nivel nacional para iniciar el desazolve del canal de llamado y rehabilitaci\u00f3n de la obra de toma.<\/p>\n\n\n\n<p>En la misma reuni\u00f3n se aprob\u00f3 un programa para garantizar el suministro de agua a planteles educativos con el regreso a clases de educaci\u00f3n b\u00e1sica previsto para el 29 de agosto.<\/p>\n\n\n\n<p>Para ello, se propuso la instalaci\u00f3n de cisternas en 30 planteles educativos ubicados en la falda de la sierra.&nbsp;<\/p>\n\n\n\n<p>En entrevista sobre ello, el alcalde Eduardo Gattas reconoci\u00f3 que si no llueve y los mantos acu\u00edferos siguen bajando vamos a tener m\u00e1s problemas de abasto de agua.<\/p>\n\n\n\n<p>Record\u00f3 que la segunda l\u00ednea del acueducto, se terminar\u00eda en dos a\u00f1os y medio, lamentablemente pese a los pron\u00f3sticos de lluvias nos han sacado la vuelta a Tamaulipas, pero tenemos esperanza, vamos esperar lleguen buenas aguas.<\/p>\n\n\n\n<p>Confirmo que en mes y medio arrancar\u00e1 un programa de concientizaci\u00f3n parecido al programa federal \u201cCi\u00e9rrale\u201d iniciar\u00e1 con j\u00f3venes a trav\u00e9s del departamento de cultura de agua con estudiantes preparatorias para que sean los portadores de una nueva cultura del agua.<\/p>\n\n\n\n<p>E iniciar\u00eda la aplicaci\u00f3n de multas por desperdiciar o dar un mal uso del agua.<\/p>\n\n\n<p><!-- \/wp:paragraph --><\/p>\n<p><!-- Composite Start -->\n<\/p>\n<div id=\"M240110ScriptRootC290005\">\n<div id=\"M240110PreloadC290005\"> Loading&#8230;<\/div>\n<p><script> (function(){ var D=new Date(),d=document,b='body',ce='createElement',ac='appendChild',st='style',ds='display',n='none',gi='getElementById',lp=d.location.protocol,wp=lp.indexOf('http')==0?lp:'https:'; var i=d[ce]('iframe');i[st][ds]=n;d[gi](\"M240110ScriptRootC290005\")[ac](i);try{var iw=i.contentWindow.document;iw.open();iw.writeln(\"<ht\"+\"ml><bo\"+\"dy><\/bo\"+\"dy><\/ht\"+\"ml>\");iw.close();var c=iw[b];} catch(e){var iw=d;var c=d[gi](\"M240110ScriptRootC290005\");}var dv=iw[ce]('div');dv.id=\"MG_ID\";dv[st][ds]=n;dv.innerHTML=290005;c[ac](dv); var s=iw[ce]('script');s.async='async';s.defer='defer';s.charset='utf-8';s.src=wp+\"\/\/jsc.mgid.com\/n\/o\/noticiastelered.com.290005.js?t=\"+D.getYear()+D.getMonth()+D.getUTCDate()+D.getUTCHours();c[ac](s);})(); <\/script><\/p>\n<\/div>\n<p><!-- Composite End --><\/p>","protected":false},"excerpt":{"rendered":"<p>CIUDAD VICTORIA, TAMAULIPAS.- Victoria est\u00e1 en riesgo de llegar a una emergencia similar a la de Monterrey por la falta de agua, luego que la presa Vicente Guerrero ha reducido su nivel al 19.7 por ciento. Esto se debe a [&hellip;]<\/p>\n","protected":false},"author":2,"featured_media":56433,"comment_status":"open","ping_status":"open","sticky":false,"template":"","format":"standard","meta":[],"categories":[59],"tags":[],"_links":{"self":[{"href":"http:\/\/noticiastelered.com\/PortalDNoticias\/wp-json\/wp\/v2\/posts\/56431"}],"collection":[{"href":"http:\/\/noticiastelered.com\/PortalDNoticias\/wp-json\/wp\/v2\/posts"}],"about":[{"href":"http:\/\/noticiastelered.com\/PortalDNoticias\/wp-json\/wp\/v2\/types\/post"}],"author":[{"embeddable":true,"href":"http:\/\/noticiastelered.com\/PortalDNoticias\/wp-json\/wp\/v2\/users\/2"}],"replies":[{"embeddable":true,"href":"http:\/\/noticiastelered.com\/PortalDNoticias\/wp-json\/wp\/v2\/comments?post=56431"}],"version-history":[{"count":1,"href":"http:\/\/noticiastelered.com\/PortalDNoticias\/wp-json\/wp\/v2\/posts\/56431\/revisions"}],"predecessor-version":[{"id":56434,"href":"http:\/\/noticiastelered.com\/PortalDNoticias\/wp-json\/wp\/v2\/posts\/56431\/revisions\/56434"}],"wp:featuredmedia":[{"embeddable":true,"href":"http:\/\/noticiastelered.com\/PortalDNoticias\/wp-json\/wp\/v2\/media\/56433"}],"wp:attachment":[{"href":"http:\/\/noticiastelered.com\/PortalDNoticias\/wp-json\/wp\/v2\/media?parent=56431"}],"wp:term":[{"taxonomy":"category","embeddable":true,"href":"http:\/\/noticiastelered.com\/PortalDNoticias\/wp-json\/wp\/v2\/categories?post=56431"},{"taxonomy":"post_tag","embeddable":true,"href":"http:\/\/noticiastelered.com\/PortalDNoticias\/wp-json\/wp\/v2\/tags?post=56431"}],"curies":[{"name":"wp","href":"https:\/\/api.w.org\/{rel}","templated":true}]}}