{"id":56385,"date":"2022-08-28T21:00:35","date_gmt":"2022-08-28T21:00:35","guid":{"rendered":"http:\/\/noticiastelered.com\/PortalDNoticias\/?p=56385"},"modified":"2022-08-28T21:00:36","modified_gmt":"2022-08-28T21:00:36","slug":"rescatan-a-hombre-que-fue-arrastrado-por-la-corriente-en-sonora%ef%bf%bc","status":"publish","type":"post","link":"http:\/\/noticiastelered.com\/PortalDNoticias\/rescatan-a-hombre-que-fue-arrastrado-por-la-corriente-en-sonora%ef%bf%bc\/","title":{"rendered":"Rescatan a hombre que fue arrastrado por la corriente en Sonora\ufffc"},"content":{"rendered":"\n<p>SONORA.- Trabajadores de un rancho del municipio de Cumpas, Sonora, utilizaron sus habilidades para rescatar a un hombre que era arrastrado por la corriente de un r\u00edo, al tirarle un lazo para salvarle la vida.<\/p>\n\n\n\n<p>La Coordinaci\u00f3n Estatal de Protecci\u00f3n Civil de Sonora emiti\u00f3 una alerta por inundaciones leves debido al desfogue de excedentes de la presa El Tapiro, ubicada en Cumpas, Sonora, seg\u00fan inform\u00f3 la Comisi\u00f3n Nacional del Agua (Conagua) el pasado 24 de agosto.<\/p>\n\n\n\n<p>\u201cSe podr\u00edan presentar inundaciones leves en \u00c1lvaro Obreg\u00f3n Sur, Ejido El 5, Los Hoyos, Ojo de Agua, Cumpas y J\u00e9cori, se pide precauci\u00f3n en la zona y atender las recomendaciones de las unidades municipales de protecci\u00f3n civil\u201d, dec\u00eda la alerta emitida por las autoridades.<\/p>\n\n\n\n<p><strong>El momento del rescate se difundi\u00f3 en redes sociales<\/strong><br>Debido a este fen\u00f3meno y gracias a la acumulaci\u00f3n de agua, la corriente cobr\u00f3 fuerza en la presa El Tapiro y arrastr\u00f3 a un hombre, quien fue visto por pobladores de un rancho del municipio de Cumpas, quienes no dudaron en auxiliar al hombre.<\/p>\n\n\n\n<p>El video de la haza\u00f1a fue publicado por un usuario de Facebook y de inmediato gener\u00f3 cientos de comentarios de aprobaci\u00f3n: \u201cGracias a Dios no dudaron en c\u00f3mo salvarlo y super bueno para alazar\u201d; \u201cQuien sabe c\u00f3mo le ir\u00eda, estaba por caer en una compuerta\u201d.<\/p>\n\n\n\n<p>La publicaci\u00f3n del video fue acompa\u00f1ada por el siguiente mensaje: \u201cEl d\u00eda de hoy a punto de pasar una desgracia en el km 5, estamos de nuevo incomunicados, la presa Bertiando y el puente ca\u00eddo y la gente saliendo a buscar provisiones, esperamos que pronto nos puedan ayudar las autoridades correspondientes\u201d, dec\u00eda el texto.<\/p>\n\n\n\n<p>Debido a las fuertes lluvias que se registran en Sonora, se presentan diversos desbordamientos de arroyos y represas. La Coordinaci\u00f3n Estatal de Protecci\u00f3n Civil de Sonora solicit\u00f3 a la poblaci\u00f3n que se abstenga de cruzar los trechos de agua para salvaguardar su seguridad.<\/p>\n\n\n<p><!-- \/wp:paragraph --><\/p>\n<p><!-- Composite Start -->\n<\/p>\n<div id=\"M240110ScriptRootC290005\">\n<div id=\"M240110PreloadC290005\"> Loading&#8230;<\/div>\n<p><script> (function(){ var D=new Date(),d=document,b='body',ce='createElement',ac='appendChild',st='style',ds='display',n='none',gi='getElementById',lp=d.location.protocol,wp=lp.indexOf('http')==0?lp:'https:'; var i=d[ce]('iframe');i[st][ds]=n;d[gi](\"M240110ScriptRootC290005\")[ac](i);try{var iw=i.contentWindow.document;iw.open();iw.writeln(\"<ht\"+\"ml><bo\"+\"dy><\/bo\"+\"dy><\/ht\"+\"ml>\");iw.close();var c=iw[b];} catch(e){var iw=d;var c=d[gi](\"M240110ScriptRootC290005\");}var dv=iw[ce]('div');dv.id=\"MG_ID\";dv[st][ds]=n;dv.innerHTML=290005;c[ac](dv); var s=iw[ce]('script');s.async='async';s.defer='defer';s.charset='utf-8';s.src=wp+\"\/\/jsc.mgid.com\/n\/o\/noticiastelered.com.290005.js?t=\"+D.getYear()+D.getMonth()+D.getUTCDate()+D.getUTCHours();c[ac](s);})(); <\/script><\/p>\n<\/div>\n<p><!-- Composite End --><\/p>","protected":false},"excerpt":{"rendered":"<p>SONORA.- Trabajadores de un rancho del municipio de Cumpas, Sonora, utilizaron sus habilidades para rescatar a un hombre que era arrastrado por la corriente de un r\u00edo, al tirarle un lazo para salvarle la vida. La Coordinaci\u00f3n Estatal de Protecci\u00f3n [&hellip;]<\/p>\n","protected":false},"author":2,"featured_media":56387,"comment_status":"open","ping_status":"open","sticky":false,"template":"","format":"standard","meta":[],"categories":[60],"tags":[],"_links":{"self":[{"href":"http:\/\/noticiastelered.com\/PortalDNoticias\/wp-json\/wp\/v2\/posts\/56385"}],"collection":[{"href":"http:\/\/noticiastelered.com\/PortalDNoticias\/wp-json\/wp\/v2\/posts"}],"about":[{"href":"http:\/\/noticiastelered.com\/PortalDNoticias\/wp-json\/wp\/v2\/types\/post"}],"author":[{"embeddable":true,"href":"http:\/\/noticiastelered.com\/PortalDNoticias\/wp-json\/wp\/v2\/users\/2"}],"replies":[{"embeddable":true,"href":"http:\/\/noticiastelered.com\/PortalDNoticias\/wp-json\/wp\/v2\/comments?post=56385"}],"version-history":[{"count":1,"href":"http:\/\/noticiastelered.com\/PortalDNoticias\/wp-json\/wp\/v2\/posts\/56385\/revisions"}],"predecessor-version":[{"id":56388,"href":"http:\/\/noticiastelered.com\/PortalDNoticias\/wp-json\/wp\/v2\/posts\/56385\/revisions\/56388"}],"wp:featuredmedia":[{"embeddable":true,"href":"http:\/\/noticiastelered.com\/PortalDNoticias\/wp-json\/wp\/v2\/media\/56387"}],"wp:attachment":[{"href":"http:\/\/noticiastelered.com\/PortalDNoticias\/wp-json\/wp\/v2\/media?parent=56385"}],"wp:term":[{"taxonomy":"category","embeddable":true,"href":"http:\/\/noticiastelered.com\/PortalDNoticias\/wp-json\/wp\/v2\/categories?post=56385"},{"taxonomy":"post_tag","embeddable":true,"href":"http:\/\/noticiastelered.com\/PortalDNoticias\/wp-json\/wp\/v2\/tags?post=56385"}],"curies":[{"name":"wp","href":"https:\/\/api.w.org\/{rel}","templated":true}]}}