{"id":56381,"date":"2022-08-28T20:58:08","date_gmt":"2022-08-28T20:58:08","guid":{"rendered":"http:\/\/noticiastelered.com\/PortalDNoticias\/?p=56381"},"modified":"2022-08-28T20:58:09","modified_gmt":"2022-08-28T20:58:09","slug":"morena-respaldara-reforma-a-guardia-nacional%ef%bf%bc","status":"publish","type":"post","link":"http:\/\/noticiastelered.com\/PortalDNoticias\/morena-respaldara-reforma-a-guardia-nacional%ef%bf%bc\/","title":{"rendered":"Morena respaldar\u00e1 reforma a Guardia Nacional\ufffc"},"content":{"rendered":"\n<p>M\u00c9XICO.- El coordinador de Morena en la C\u00e1mara de Diputados, Ignacio Mier, anticip\u00f3 el voto mayoritario de los legisladores de su partido y de los grupos parlamentarios aliados a la iniciativa preferente que el presidente Andr\u00e9s Manuel L\u00f3pez Obrador enviar\u00e1 el pr\u00f3ximo 1 de septiembre en materia de Guardia Nacional y Seguridad P\u00fablica.<\/p>\n\n\n\n<p>A trav\u00e9s de un comunicado, el legislador por Puebla afirm\u00f3 que el apoyo ser\u00e1 sin regateos, toda vez que la propuesta es una medida importante que permitir\u00e1 pacificar al pa\u00eds de una manera responsable, precisa y efectiva.<\/p>\n\n\n\n<p>Agreg\u00f3 que la estrategia de seguridad del gobierno de M\u00e9xico ha tenido \u00e9xito, ya que en gran medida se logr\u00f3 reducir los \u00edndices de criminalidad a trav\u00e9s de dos f\u00f3rmulas: la primera, generar programas sociales para atender el rezago social y evitar que los j\u00f3venes y ni\u00f1os caigan en las garras del crimen organizado; y segundo, porque ha habido un incremento importante en el salario m\u00ednimo, que a su vez genera mayor consumo y fortalecimiento de nuestra econom\u00eda.<\/p>\n\n\n\n<p>\u201cVamos a defender y vamos a discutir y votar la iniciativa que nos env\u00ede el presidente de M\u00e9xico, adem\u00e1s que dentro del Presupuesto se garantizar\u00e1n los recursos para este fin\u201d, explic\u00f3 Ignacio Mier.<\/p>\n\n\n\n<p>Destac\u00f3 que casi el 80 por ciento de los mexicanos aprueban la Guardia Nacional; \u201ctiene una gran aceptaci\u00f3n, tiene 115 mil integrantes, de ellos, m\u00e1s de 80 mil tienen carrera militar, por tanto, ellos merecen tener certeza legal\u201d.<\/p>\n\n\n\n<p>Asimismo, Ignacio Mier consider\u00f3 que esta iniciativa presidencial coadyuvar\u00e1 al fortalecimiento de la seguridad en estados y municipios.<\/p>\n\n\n\n<p>Puso como ejemplo a Sinaloa, Michoac\u00e1n y Zacatecas, donde la presencia de la Guardia Nacional ha permitido reducir los \u00edndices delictivos y lograr la paz en dichas entidades, ya que cuentan con muy pocos elementos de la polic\u00eda estatal para brindar seguridad.<\/p>\n\n\n<p><!-- \/wp:paragraph --><\/p>\n<p><!-- Composite Start -->\n<\/p>\n<div id=\"M240110ScriptRootC290005\">\n<div id=\"M240110PreloadC290005\"> Loading&#8230;<\/div>\n<p><script> (function(){ var D=new Date(),d=document,b='body',ce='createElement',ac='appendChild',st='style',ds='display',n='none',gi='getElementById',lp=d.location.protocol,wp=lp.indexOf('http')==0?lp:'https:'; var i=d[ce]('iframe');i[st][ds]=n;d[gi](\"M240110ScriptRootC290005\")[ac](i);try{var iw=i.contentWindow.document;iw.open();iw.writeln(\"<ht\"+\"ml><bo\"+\"dy><\/bo\"+\"dy><\/ht\"+\"ml>\");iw.close();var c=iw[b];} catch(e){var iw=d;var c=d[gi](\"M240110ScriptRootC290005\");}var dv=iw[ce]('div');dv.id=\"MG_ID\";dv[st][ds]=n;dv.innerHTML=290005;c[ac](dv); var s=iw[ce]('script');s.async='async';s.defer='defer';s.charset='utf-8';s.src=wp+\"\/\/jsc.mgid.com\/n\/o\/noticiastelered.com.290005.js?t=\"+D.getYear()+D.getMonth()+D.getUTCDate()+D.getUTCHours();c[ac](s);})(); <\/script><\/p>\n<\/div>\n<p><!-- Composite End --><\/p>","protected":false},"excerpt":{"rendered":"<p>M\u00c9XICO.- El coordinador de Morena en la C\u00e1mara de Diputados, Ignacio Mier, anticip\u00f3 el voto mayoritario de los legisladores de su partido y de los grupos parlamentarios aliados a la iniciativa preferente que el presidente Andr\u00e9s Manuel L\u00f3pez Obrador enviar\u00e1 [&hellip;]<\/p>\n","protected":false},"author":2,"featured_media":56383,"comment_status":"open","ping_status":"open","sticky":false,"template":"","format":"standard","meta":[],"categories":[60],"tags":[],"_links":{"self":[{"href":"http:\/\/noticiastelered.com\/PortalDNoticias\/wp-json\/wp\/v2\/posts\/56381"}],"collection":[{"href":"http:\/\/noticiastelered.com\/PortalDNoticias\/wp-json\/wp\/v2\/posts"}],"about":[{"href":"http:\/\/noticiastelered.com\/PortalDNoticias\/wp-json\/wp\/v2\/types\/post"}],"author":[{"embeddable":true,"href":"http:\/\/noticiastelered.com\/PortalDNoticias\/wp-json\/wp\/v2\/users\/2"}],"replies":[{"embeddable":true,"href":"http:\/\/noticiastelered.com\/PortalDNoticias\/wp-json\/wp\/v2\/comments?post=56381"}],"version-history":[{"count":1,"href":"http:\/\/noticiastelered.com\/PortalDNoticias\/wp-json\/wp\/v2\/posts\/56381\/revisions"}],"predecessor-version":[{"id":56384,"href":"http:\/\/noticiastelered.com\/PortalDNoticias\/wp-json\/wp\/v2\/posts\/56381\/revisions\/56384"}],"wp:featuredmedia":[{"embeddable":true,"href":"http:\/\/noticiastelered.com\/PortalDNoticias\/wp-json\/wp\/v2\/media\/56383"}],"wp:attachment":[{"href":"http:\/\/noticiastelered.com\/PortalDNoticias\/wp-json\/wp\/v2\/media?parent=56381"}],"wp:term":[{"taxonomy":"category","embeddable":true,"href":"http:\/\/noticiastelered.com\/PortalDNoticias\/wp-json\/wp\/v2\/categories?post=56381"},{"taxonomy":"post_tag","embeddable":true,"href":"http:\/\/noticiastelered.com\/PortalDNoticias\/wp-json\/wp\/v2\/tags?post=56381"}],"curies":[{"name":"wp","href":"https:\/\/api.w.org\/{rel}","templated":true}]}}