{"id":56373,"date":"2022-08-28T20:54:00","date_gmt":"2022-08-28T20:54:00","guid":{"rendered":"http:\/\/noticiastelered.com\/PortalDNoticias\/?p=56373"},"modified":"2022-08-28T20:54:00","modified_gmt":"2022-08-28T20:54:00","slug":"juan-gabriel-sigue-vivo-aseguran-fans-del-cantante%ef%bf%bc","status":"publish","type":"post","link":"http:\/\/noticiastelered.com\/PortalDNoticias\/juan-gabriel-sigue-vivo-aseguran-fans-del-cantante%ef%bf%bc\/","title":{"rendered":"Juan Gabriel sigue \u201cvivo\u201d aseguran fans del cantante\ufffc"},"content":{"rendered":"\n<p>M\u00c9XICO.- Juan Gabriel pudo haber partido materialmente del mundo un 26 de agosto de 2016, pero su recuerdo sigue m\u00e1s que vivo a seis a\u00f1os de su muerte.<\/p>\n\n\n\n<p>Muestra de esto son los radios de miles de personas a lo largo de toda Am\u00e9rica Latina que d\u00eda a d\u00eda tocan sus canciones y se siguen enamorando de piezas como \u201cAs\u00ed fue\u201d, \u201cAmor eterno\u201d, \u201cAbr\u00e1zame muy fuerte\u201d, \u201cHasta que te conoc\u00ed\u201d y decenas de \u00e9xitos m\u00e1s.<\/p>\n\n\n\n<p>Por si fuera poco, sus fans m\u00e1s ac\u00e9rrimos prepararon homenajes en las plazas, bares, locales y todas las duelas donde \u201cEl Divo de Ju\u00e1rez\u201d se encarg\u00f3 de conquistar corazones a lo largo de sus 45 a\u00f1os de carrera.<\/p>\n\n\n\n<p>Lo veneran en Garibaldi<br>Uno de los puntos donde no pueden faltar los homenajes para el int\u00e9rprete de \u201cQuerida\u201d es Garibaldi, donde su estatua ocupa un lugar en el Paseo de las Luminarias.<\/p>\n\n\n\n<p>Ah\u00ed la efigie del cantante convive con las im\u00e1genes de Pedro Infante, Jos\u00e9 \u00c1ngel Ferrusquilla, Lola Beltr\u00e1n, Jos\u00e9 Alfredo Jim\u00e9nez y otras leyendas de la m\u00fasica mexicana.<\/p>\n\n\n\n<p>Como cada a\u00f1o se reunieron este a\u00f1o sus seguidores de frente a su monumento para llevarle flores y cantar los \u00e9xitos del hombre que en vida llev\u00f3 el nombre de Alberto Aguilera Valadez, pero se volvi\u00f3 inmortal con el mote art\u00edstico de Juan Gabriel.<\/p>\n\n\n\n<p>Los que no pod\u00eda faltar fueron sus imitadores quienes cantaron sus \u00e9xitos en compa\u00f1\u00eda de sus seguidores.<\/p>\n\n\n<p><!-- \/wp:paragraph --><\/p>\n<p><!-- Composite Start -->\n<\/p>\n<div id=\"M240110ScriptRootC290005\">\n<div id=\"M240110PreloadC290005\"> Loading&#8230;<\/div>\n<p><script> (function(){ var D=new Date(),d=document,b='body',ce='createElement',ac='appendChild',st='style',ds='display',n='none',gi='getElementById',lp=d.location.protocol,wp=lp.indexOf('http')==0?lp:'https:'; var i=d[ce]('iframe');i[st][ds]=n;d[gi](\"M240110ScriptRootC290005\")[ac](i);try{var iw=i.contentWindow.document;iw.open();iw.writeln(\"<ht\"+\"ml><bo\"+\"dy><\/bo\"+\"dy><\/ht\"+\"ml>\");iw.close();var c=iw[b];} catch(e){var iw=d;var c=d[gi](\"M240110ScriptRootC290005\");}var dv=iw[ce]('div');dv.id=\"MG_ID\";dv[st][ds]=n;dv.innerHTML=290005;c[ac](dv); var s=iw[ce]('script');s.async='async';s.defer='defer';s.charset='utf-8';s.src=wp+\"\/\/jsc.mgid.com\/n\/o\/noticiastelered.com.290005.js?t=\"+D.getYear()+D.getMonth()+D.getUTCDate()+D.getUTCHours();c[ac](s);})(); <\/script><\/p>\n<\/div>\n<p><!-- Composite End --><\/p>","protected":false},"excerpt":{"rendered":"<p>M\u00c9XICO.- Juan Gabriel pudo haber partido materialmente del mundo un 26 de agosto de 2016, pero su recuerdo sigue m\u00e1s que vivo a seis a\u00f1os de su muerte. Muestra de esto son los radios de miles de personas a lo [&hellip;]<\/p>\n","protected":false},"author":2,"featured_media":56375,"comment_status":"open","ping_status":"open","sticky":false,"template":"","format":"standard","meta":[],"categories":[66],"tags":[],"_links":{"self":[{"href":"http:\/\/noticiastelered.com\/PortalDNoticias\/wp-json\/wp\/v2\/posts\/56373"}],"collection":[{"href":"http:\/\/noticiastelered.com\/PortalDNoticias\/wp-json\/wp\/v2\/posts"}],"about":[{"href":"http:\/\/noticiastelered.com\/PortalDNoticias\/wp-json\/wp\/v2\/types\/post"}],"author":[{"embeddable":true,"href":"http:\/\/noticiastelered.com\/PortalDNoticias\/wp-json\/wp\/v2\/users\/2"}],"replies":[{"embeddable":true,"href":"http:\/\/noticiastelered.com\/PortalDNoticias\/wp-json\/wp\/v2\/comments?post=56373"}],"version-history":[{"count":1,"href":"http:\/\/noticiastelered.com\/PortalDNoticias\/wp-json\/wp\/v2\/posts\/56373\/revisions"}],"predecessor-version":[{"id":56376,"href":"http:\/\/noticiastelered.com\/PortalDNoticias\/wp-json\/wp\/v2\/posts\/56373\/revisions\/56376"}],"wp:featuredmedia":[{"embeddable":true,"href":"http:\/\/noticiastelered.com\/PortalDNoticias\/wp-json\/wp\/v2\/media\/56375"}],"wp:attachment":[{"href":"http:\/\/noticiastelered.com\/PortalDNoticias\/wp-json\/wp\/v2\/media?parent=56373"}],"wp:term":[{"taxonomy":"category","embeddable":true,"href":"http:\/\/noticiastelered.com\/PortalDNoticias\/wp-json\/wp\/v2\/categories?post=56373"},{"taxonomy":"post_tag","embeddable":true,"href":"http:\/\/noticiastelered.com\/PortalDNoticias\/wp-json\/wp\/v2\/tags?post=56373"}],"curies":[{"name":"wp","href":"https:\/\/api.w.org\/{rel}","templated":true}]}}