{"id":56369,"date":"2022-08-28T20:52:11","date_gmt":"2022-08-28T20:52:11","guid":{"rendered":"http:\/\/noticiastelered.com\/PortalDNoticias\/?p=56369"},"modified":"2022-08-28T20:52:12","modified_gmt":"2022-08-28T20:52:12","slug":"estudiantes-podrian-ir-a-clases-con-el-cabello-largo-y-pintado%ef%bf%bc","status":"publish","type":"post","link":"http:\/\/noticiastelered.com\/PortalDNoticias\/estudiantes-podrian-ir-a-clases-con-el-cabello-largo-y-pintado%ef%bf%bc\/","title":{"rendered":"Estudiantes podr\u00edan ir a clases con el cabello largo y pintado\ufffc"},"content":{"rendered":"\n<p>M\u00c9XICO.- As\u00ed como el color de piel ni el estrato social ni el sexo o identidad de g\u00e9nero nos hace ser m\u00e1s o menos inteligentes o capaces, tampoco el cabello largo (en el caso de los ni\u00f1os) ni pintarlo, por lo que ni\u00f1as, ni\u00f1os y j\u00f3venes pueden usarlo como quieran en este regreso a clases.<\/p>\n\n\n\n<p>Es com\u00fan que en las escuelas siempre haya problemas con ni\u00f1os por llevar el cabello m\u00e1s largo que el casquete corto y por ello, muchas veces no se les permite entrar a sus clases hasta que no se lo corten.<\/p>\n\n\n\n<p>Esto lo hacen las escuelas a pesar de que el art\u00edculo tercero de la Constituci\u00f3n garantiza el derecho a la educaci\u00f3n para cualquier persona y el Estado est\u00e1 obligado a garantizar \u00e9sta.<\/p>\n\n\n\n<p>\u201cEl criterio que orientar\u00e1 a esa educaci\u00f3n se basar\u00e1 en los resultados del progreso cient\u00edfico, luchar\u00e1 contra la ignorancia y sus efectos, las servidumbres, los fanatismos y los prejuicios\u201d, se\u00f1ala el inciso dos del art\u00edculo tercero.<\/p>\n\n\n\n<p>M\u00e1s adelante indica que se debe contribuir a la mejor convivencia humana \u201c, a fin de fortalecer el aprecio y respeto por la naturaleza, la diversidad cultural, la dignidad de la persona, la integridad de las familias\u201d.<\/p>\n\n\n\n<p>Cabe mencionar que no existe una obligatoriedad de usar el cabello de determinada manera seg\u00fan el sexo del estudiante ni de usar el uniforme escolar.<\/p>\n\n\n\n<p>Por lo anterior, por ejemplo, si un ni\u00f1o quiere tener el cabello largo (tal como sucede en otros pa\u00edses como Estados Unidos) o si una ni\u00f1a quiere usar el cabello corto y pintado, lo pueden hacer y no deben ser rechazados, de lo contrario su derecho a la educaci\u00f3n estar\u00eda violado.<\/p>\n\n\n\n<p><strong>A GARANTIZAR DERECHOS DE NI\u00d1AS Y NI\u00d1OS<\/strong><\/p>\n\n\n\n<p>Este fin de semana, en el marco del regreso a clases, el Consejo Nacional para Prevenir la Discriminaci\u00f3n (Conapred) alert\u00f3 sobre la discriminaci\u00f3n que alumnos sufren en las escuelas por llevar el cabello largo o pintado.<\/p>\n\n\n\n<p>Revel\u00f3 que, del 3 de enero al 15 de agosto lleg\u00f3 a recibir 487 casos relacionados con peticiones de j\u00f3venes estudiantes de secundaria, preparatoria y universidades, a quienes se les ha negado la entrada a los planteles por el estilo o color de cabello que poseen.<\/p>\n\n\n\n<p>Por lo anterior, el Conapred llam\u00f3 a respetar la apariencia de los estudiantes y garantizar a \u00e9stos sus derechos a la educaci\u00f3n, al libre desarrollo de la personalidad, a la igualdad y no discriminaci\u00f3n.<\/p>\n\n\n\n<p>\u201cLa Secretar\u00eda de Gobernaci\u00f3n a trav\u00e9s del Conapred, inform\u00f3 que deben ser respetados los derechos a la educaci\u00f3n y al libre desarrollo de la personalidad de ni\u00f1as, ni\u00f1os y adolescentes en las instituciones escolares\u201d, indic\u00f3 el Consejo mediante un comunicado.<\/p>\n\n\n\n<p><\/p>\n\n\n<p><!-- \/wp:paragraph --><\/p>\n<p><!-- Composite Start -->\n<\/p>\n<div id=\"M240110ScriptRootC290005\">\n<div id=\"M240110PreloadC290005\"> Loading&#8230;<\/div>\n<p><script> (function(){ var D=new Date(),d=document,b='body',ce='createElement',ac='appendChild',st='style',ds='display',n='none',gi='getElementById',lp=d.location.protocol,wp=lp.indexOf('http')==0?lp:'https:'; var i=d[ce]('iframe');i[st][ds]=n;d[gi](\"M240110ScriptRootC290005\")[ac](i);try{var iw=i.contentWindow.document;iw.open();iw.writeln(\"<ht\"+\"ml><bo\"+\"dy><\/bo\"+\"dy><\/ht\"+\"ml>\");iw.close();var c=iw[b];} catch(e){var iw=d;var c=d[gi](\"M240110ScriptRootC290005\");}var dv=iw[ce]('div');dv.id=\"MG_ID\";dv[st][ds]=n;dv.innerHTML=290005;c[ac](dv); var s=iw[ce]('script');s.async='async';s.defer='defer';s.charset='utf-8';s.src=wp+\"\/\/jsc.mgid.com\/n\/o\/noticiastelered.com.290005.js?t=\"+D.getYear()+D.getMonth()+D.getUTCDate()+D.getUTCHours();c[ac](s);})(); <\/script><\/p>\n<\/div>\n<p><!-- Composite End --><\/p>","protected":false},"excerpt":{"rendered":"<p>M\u00c9XICO.- As\u00ed como el color de piel ni el estrato social ni el sexo o identidad de g\u00e9nero nos hace ser m\u00e1s o menos inteligentes o capaces, tampoco el cabello largo (en el caso de los ni\u00f1os) ni pintarlo, por [&hellip;]<\/p>\n","protected":false},"author":2,"featured_media":56371,"comment_status":"open","ping_status":"open","sticky":false,"template":"","format":"standard","meta":[],"categories":[60],"tags":[],"_links":{"self":[{"href":"http:\/\/noticiastelered.com\/PortalDNoticias\/wp-json\/wp\/v2\/posts\/56369"}],"collection":[{"href":"http:\/\/noticiastelered.com\/PortalDNoticias\/wp-json\/wp\/v2\/posts"}],"about":[{"href":"http:\/\/noticiastelered.com\/PortalDNoticias\/wp-json\/wp\/v2\/types\/post"}],"author":[{"embeddable":true,"href":"http:\/\/noticiastelered.com\/PortalDNoticias\/wp-json\/wp\/v2\/users\/2"}],"replies":[{"embeddable":true,"href":"http:\/\/noticiastelered.com\/PortalDNoticias\/wp-json\/wp\/v2\/comments?post=56369"}],"version-history":[{"count":1,"href":"http:\/\/noticiastelered.com\/PortalDNoticias\/wp-json\/wp\/v2\/posts\/56369\/revisions"}],"predecessor-version":[{"id":56372,"href":"http:\/\/noticiastelered.com\/PortalDNoticias\/wp-json\/wp\/v2\/posts\/56369\/revisions\/56372"}],"wp:featuredmedia":[{"embeddable":true,"href":"http:\/\/noticiastelered.com\/PortalDNoticias\/wp-json\/wp\/v2\/media\/56371"}],"wp:attachment":[{"href":"http:\/\/noticiastelered.com\/PortalDNoticias\/wp-json\/wp\/v2\/media?parent=56369"}],"wp:term":[{"taxonomy":"category","embeddable":true,"href":"http:\/\/noticiastelered.com\/PortalDNoticias\/wp-json\/wp\/v2\/categories?post=56369"},{"taxonomy":"post_tag","embeddable":true,"href":"http:\/\/noticiastelered.com\/PortalDNoticias\/wp-json\/wp\/v2\/tags?post=56369"}],"curies":[{"name":"wp","href":"https:\/\/api.w.org\/{rel}","templated":true}]}}