{"id":56361,"date":"2022-08-28T20:48:02","date_gmt":"2022-08-28T20:48:02","guid":{"rendered":"http:\/\/noticiastelered.com\/PortalDNoticias\/?p=56361"},"modified":"2022-08-28T20:48:03","modified_gmt":"2022-08-28T20:48:03","slug":"responde-jose-madero-tras-criticas-por-patear-a-un-dr-simi%ef%bf%bc","status":"publish","type":"post","link":"http:\/\/noticiastelered.com\/PortalDNoticias\/responde-jose-madero-tras-criticas-por-patear-a-un-dr-simi%ef%bf%bc\/","title":{"rendered":"Responde Jos\u00e9 Madero tras criticas por patear a un Dr Simi\ufffc"},"content":{"rendered":"\n<p>M\u00c9XICO.- Jos\u00e9 Madero, cantante regiomontano, se convirti\u00f3 en una de las m\u00e1s pol\u00e9micas tendencias de los \u00faltimos d\u00edas luego de recibir un ramo de flores en el escenario durante una presentaci\u00f3n de su m\u00e1s reciente gira y azotarlo contra el suelo en muchas ocasiones hasta destrozarlo por completo.<\/p>\n\n\n\n<p>Sin embargo, no es la primera vez que realiza acciones como esta, pues a lo largo de las presentaciones lo hemos podido ver arrojando las flores al p\u00fablico y destroz\u00e1ndolas de diversas maneras, todo como parte de su espect\u00e1culo, cosa que sus fan\u00e1ticos de hueso colorado ya conocen.<\/p>\n\n\n\n<p>Incluso en un video que circul\u00f3 en fechas recientes por Twitter, TikTok e Instagram, se le puede ver en un concierto, justo en la pausa entre canciones, pidiendo una disculpa a los fan\u00e1ticos que pudieron haberse \u201csentido\u201d por su actitud con las flores, pero asegur\u00f3 que solo es \u201cparte del show\u201d.<\/p>\n\n\n\n<p>Pero no fue la \u00fanica puntada que se avent\u00f3 el pasado fin de semana, pues tambi\u00e9n lo captaron arrojando uno de los ya cl\u00e1sicos peluches del Dr Simi de regreso a los fans, pero luego de tomarlo del piso, lanzarlo por los aires y patearlo con fuerza, pese a ser reconocido como un objeto que significa el aprecio de su p\u00fablico.<\/p>\n\n\n\n<p>Despu\u00e9s de un largo silencio, el cantante por fin respondi\u00f3 a trav\u00e9s de sus redes sociales oficiales, espec\u00edficamente Twitter. \u201cA huevo\u201d, fue la \u00fanica frase que redact\u00f3 ante una de las tantas publicaciones donde se dio a conocer la captura de pantalla del momento, captado en video por los asistentes al concierto, del momento en que arremete contra el peluche.<\/p>\n\n\n\n<p>De d\u00f3nde sali\u00f3 la tradici\u00f3n del Dr Simi<br>El uso de este mu\u00f1eco se populariz\u00f3 hace aproximadamente un a\u00f1o, en 2021, cuando lleg\u00f3 la edici\u00f3n del Corona Capital y Aurora subi\u00f3 a las tarimas del escenario principal. En medio de sus canciones, aventaron este mu\u00f1eco y ella lo abraz\u00f3 con todo su cari\u00f1o; la imagen se viraliz\u00f3 de manera inmediata.<\/p>\n\n\n\n<p>Sin embargo, hay pruebas de que artistas extranjeros de otros \u00e1mbitos como la actuaci\u00f3n, recibieron como regalo de sus fan\u00e1ticos mexicanos un peluche del Dr Simi. Hasta el momento, se entiende que solo es una forma de darle amor a tus \u00eddolos, representando adem\u00e1s la mexicanidad misma con un personaje que se ha vuelto ic\u00f3nico en las calles de pr\u00e1cticamente todo el pa\u00eds.<\/p>\n\n\n\n<p>Sin embargo, se ha convertido en toda una tradici\u00f3n desde entonces. La mayor\u00eda de los artistas que recibieron este regalo son extranjeros. Desde Rosal\u00eda, quien incluso se tom\u00f3 una fotograf\u00eda con todos los Dr Simi que recibi\u00f3, hasta Gerard Way de My Chemical Romance, quien lo vio volando por los aires en su concierto de Budapest o incluso Lady Gaga, pero durante el paso de su gira en Canad\u00e1.<\/p>\n\n\n\n<p>Pero tambi\u00e9n ha sido objeto de pol\u00e9mica, pues en fechas recientes, los fan\u00e1ticos de Rammstein han elaborado campa\u00f1as de odio contra las acciones de arrojarlo en pleno concierto, y hasta pidieron a la gente que no \u201carruinen\u201d el concierto de los alemanes en el Foro Sol de la Ciudad de M\u00e9xico, pues podr\u00edan hacerlos enojar.<\/p>\n\n\n<p><!-- \/wp:paragraph --><\/p>\n<p><!-- Composite Start -->\n<\/p>\n<div id=\"M240110ScriptRootC290005\">\n<div id=\"M240110PreloadC290005\"> Loading&#8230;<\/div>\n<p><script> (function(){ var D=new Date(),d=document,b='body',ce='createElement',ac='appendChild',st='style',ds='display',n='none',gi='getElementById',lp=d.location.protocol,wp=lp.indexOf('http')==0?lp:'https:'; var i=d[ce]('iframe');i[st][ds]=n;d[gi](\"M240110ScriptRootC290005\")[ac](i);try{var iw=i.contentWindow.document;iw.open();iw.writeln(\"<ht\"+\"ml><bo\"+\"dy><\/bo\"+\"dy><\/ht\"+\"ml>\");iw.close();var c=iw[b];} catch(e){var iw=d;var c=d[gi](\"M240110ScriptRootC290005\");}var dv=iw[ce]('div');dv.id=\"MG_ID\";dv[st][ds]=n;dv.innerHTML=290005;c[ac](dv); var s=iw[ce]('script');s.async='async';s.defer='defer';s.charset='utf-8';s.src=wp+\"\/\/jsc.mgid.com\/n\/o\/noticiastelered.com.290005.js?t=\"+D.getYear()+D.getMonth()+D.getUTCDate()+D.getUTCHours();c[ac](s);})(); <\/script><\/p>\n<\/div>\n<p><!-- Composite End --><\/p>","protected":false},"excerpt":{"rendered":"<p>M\u00c9XICO.- Jos\u00e9 Madero, cantante regiomontano, se convirti\u00f3 en una de las m\u00e1s pol\u00e9micas tendencias de los \u00faltimos d\u00edas luego de recibir un ramo de flores en el escenario durante una presentaci\u00f3n de su m\u00e1s reciente gira y azotarlo contra el [&hellip;]<\/p>\n","protected":false},"author":2,"featured_media":56363,"comment_status":"open","ping_status":"open","sticky":false,"template":"","format":"standard","meta":[],"categories":[66],"tags":[],"_links":{"self":[{"href":"http:\/\/noticiastelered.com\/PortalDNoticias\/wp-json\/wp\/v2\/posts\/56361"}],"collection":[{"href":"http:\/\/noticiastelered.com\/PortalDNoticias\/wp-json\/wp\/v2\/posts"}],"about":[{"href":"http:\/\/noticiastelered.com\/PortalDNoticias\/wp-json\/wp\/v2\/types\/post"}],"author":[{"embeddable":true,"href":"http:\/\/noticiastelered.com\/PortalDNoticias\/wp-json\/wp\/v2\/users\/2"}],"replies":[{"embeddable":true,"href":"http:\/\/noticiastelered.com\/PortalDNoticias\/wp-json\/wp\/v2\/comments?post=56361"}],"version-history":[{"count":1,"href":"http:\/\/noticiastelered.com\/PortalDNoticias\/wp-json\/wp\/v2\/posts\/56361\/revisions"}],"predecessor-version":[{"id":56364,"href":"http:\/\/noticiastelered.com\/PortalDNoticias\/wp-json\/wp\/v2\/posts\/56361\/revisions\/56364"}],"wp:featuredmedia":[{"embeddable":true,"href":"http:\/\/noticiastelered.com\/PortalDNoticias\/wp-json\/wp\/v2\/media\/56363"}],"wp:attachment":[{"href":"http:\/\/noticiastelered.com\/PortalDNoticias\/wp-json\/wp\/v2\/media?parent=56361"}],"wp:term":[{"taxonomy":"category","embeddable":true,"href":"http:\/\/noticiastelered.com\/PortalDNoticias\/wp-json\/wp\/v2\/categories?post=56361"},{"taxonomy":"post_tag","embeddable":true,"href":"http:\/\/noticiastelered.com\/PortalDNoticias\/wp-json\/wp\/v2\/tags?post=56361"}],"curies":[{"name":"wp","href":"https:\/\/api.w.org\/{rel}","templated":true}]}}