{"id":56357,"date":"2022-08-28T20:45:47","date_gmt":"2022-08-28T20:45:47","guid":{"rendered":"http:\/\/noticiastelered.com\/PortalDNoticias\/?p=56357"},"modified":"2022-08-28T20:45:48","modified_gmt":"2022-08-28T20:45:48","slug":"cruz-azul-designa-a-raul-potro-gutierrez-como-nuevo-director-tecnico%ef%bf%bc","status":"publish","type":"post","link":"http:\/\/noticiastelered.com\/PortalDNoticias\/cruz-azul-designa-a-raul-potro-gutierrez-como-nuevo-director-tecnico%ef%bf%bc\/","title":{"rendered":"Cruz Azul designa a Ra\u00fal \u201cPotro\u201d Guti\u00e9rrez como nuevo Director T\u00e9cnico\ufffc"},"content":{"rendered":"\n<p>M\u00c9XICO.- Cruz Azul design\u00f3 el mi\u00e9rcoles como director t\u00e9cnico interino a Ra\u00fal Potro Guti\u00e9rrez en sustituci\u00f3n del uruguayo Diego Aguirre, con el reto de sacar al equipo de los \u00faltimos lugares del torneo Apertura 2022 de la Liga MX.<\/p>\n\n\n\n<p>Aguirre fue despedido el domingo, un d\u00eda despu\u00e9s de que Cruz Azul fue derrotado 7-0 por Am\u00e9rica, la mayor goleada que ha sufrido en su historia La M\u00e1quina celeste.<\/p>\n\n\n\n<p>\u201cRendirse nunca ha sido una opci\u00f3n\u201d, public\u00f3 Cruz Azul en su cuenta oficial de Twitter con una fotograf\u00eda de Guti\u00e9rrez.<\/p>\n\n\n\n<p>El estratega de 55 a\u00f1os dirigi\u00f3 a la selecci\u00f3n de M\u00e9xico Sub-17 que logr\u00f3 el t\u00edtulo de la Copa del Mundo de la categor\u00eda en 2011.<\/p>\n\n\n\n<p>A nivel de clubes fue director t\u00e9cnico del Real Espa\u00f1a de Honduras, de Atlante y de los Potros de la Universidad Aut\u00f3noma del Estado de M\u00e9xico (UAEM) en la Liga de Ascenso de M\u00e9xico.<\/p>\n\n\n\n<p>Como jugador milit\u00f3 en Atlante, Am\u00e9rica y Le\u00f3n. Con Atlante fue campe\u00f3n en la temporada 1992-1993.<\/p>\n\n\n\n<p>Adem\u00e1s form\u00f3 parte de la selecci\u00f3n de M\u00e9xico que particip\u00f3 en el Mundial de 1994 en Estados Unidos.<\/p>\n\n\n\n<p>El debut de Guti\u00e9rrez como t\u00e9cnico del primer equipo de Cruz Azul ser\u00e1 el 27 de agosto ante Quer\u00e9taro en la und\u00e9cima jornada del torneo.<\/p>\n\n\n\n<p>El equipo celeste se ubica en el pen\u00faltimo lugar con ocho puntos obtenidos despu\u00e9s de dos triunfos, dos empates y seis derrotas.<\/p>\n\n\n<p><!-- \/wp:paragraph --><\/p>\n<p><!-- Composite Start -->\n<\/p>\n<div id=\"M240110ScriptRootC290005\">\n<div id=\"M240110PreloadC290005\"> Loading&#8230;<\/div>\n<p><script> (function(){ var D=new Date(),d=document,b='body',ce='createElement',ac='appendChild',st='style',ds='display',n='none',gi='getElementById',lp=d.location.protocol,wp=lp.indexOf('http')==0?lp:'https:'; var i=d[ce]('iframe');i[st][ds]=n;d[gi](\"M240110ScriptRootC290005\")[ac](i);try{var iw=i.contentWindow.document;iw.open();iw.writeln(\"<ht\"+\"ml><bo\"+\"dy><\/bo\"+\"dy><\/ht\"+\"ml>\");iw.close();var c=iw[b];} catch(e){var iw=d;var c=d[gi](\"M240110ScriptRootC290005\");}var dv=iw[ce]('div');dv.id=\"MG_ID\";dv[st][ds]=n;dv.innerHTML=290005;c[ac](dv); var s=iw[ce]('script');s.async='async';s.defer='defer';s.charset='utf-8';s.src=wp+\"\/\/jsc.mgid.com\/n\/o\/noticiastelered.com.290005.js?t=\"+D.getYear()+D.getMonth()+D.getUTCDate()+D.getUTCHours();c[ac](s);})(); <\/script><\/p>\n<\/div>\n<p><!-- Composite End --><\/p>","protected":false},"excerpt":{"rendered":"<p>M\u00c9XICO.- Cruz Azul design\u00f3 el mi\u00e9rcoles como director t\u00e9cnico interino a Ra\u00fal Potro Guti\u00e9rrez en sustituci\u00f3n del uruguayo Diego Aguirre, con el reto de sacar al equipo de los \u00faltimos lugares del torneo Apertura 2022 de la Liga MX. Aguirre [&hellip;]<\/p>\n","protected":false},"author":2,"featured_media":56359,"comment_status":"open","ping_status":"open","sticky":false,"template":"","format":"standard","meta":[],"categories":[6],"tags":[],"_links":{"self":[{"href":"http:\/\/noticiastelered.com\/PortalDNoticias\/wp-json\/wp\/v2\/posts\/56357"}],"collection":[{"href":"http:\/\/noticiastelered.com\/PortalDNoticias\/wp-json\/wp\/v2\/posts"}],"about":[{"href":"http:\/\/noticiastelered.com\/PortalDNoticias\/wp-json\/wp\/v2\/types\/post"}],"author":[{"embeddable":true,"href":"http:\/\/noticiastelered.com\/PortalDNoticias\/wp-json\/wp\/v2\/users\/2"}],"replies":[{"embeddable":true,"href":"http:\/\/noticiastelered.com\/PortalDNoticias\/wp-json\/wp\/v2\/comments?post=56357"}],"version-history":[{"count":1,"href":"http:\/\/noticiastelered.com\/PortalDNoticias\/wp-json\/wp\/v2\/posts\/56357\/revisions"}],"predecessor-version":[{"id":56360,"href":"http:\/\/noticiastelered.com\/PortalDNoticias\/wp-json\/wp\/v2\/posts\/56357\/revisions\/56360"}],"wp:featuredmedia":[{"embeddable":true,"href":"http:\/\/noticiastelered.com\/PortalDNoticias\/wp-json\/wp\/v2\/media\/56359"}],"wp:attachment":[{"href":"http:\/\/noticiastelered.com\/PortalDNoticias\/wp-json\/wp\/v2\/media?parent=56357"}],"wp:term":[{"taxonomy":"category","embeddable":true,"href":"http:\/\/noticiastelered.com\/PortalDNoticias\/wp-json\/wp\/v2\/categories?post=56357"},{"taxonomy":"post_tag","embeddable":true,"href":"http:\/\/noticiastelered.com\/PortalDNoticias\/wp-json\/wp\/v2\/tags?post=56357"}],"curies":[{"name":"wp","href":"https:\/\/api.w.org\/{rel}","templated":true}]}}