{"id":56129,"date":"2022-08-25T02:00:21","date_gmt":"2022-08-25T02:00:21","guid":{"rendered":"http:\/\/noticiastelered.com\/PortalDNoticias\/?p=56129"},"modified":"2022-08-25T02:00:22","modified_gmt":"2022-08-25T02:00:22","slug":"tras-viaje-a-espana-hombre-contrae-viruela-vih-y-covid-19%ef%bf%bc","status":"publish","type":"post","link":"http:\/\/noticiastelered.com\/PortalDNoticias\/tras-viaje-a-espana-hombre-contrae-viruela-vih-y-covid-19%ef%bf%bc\/","title":{"rendered":"Tras viaje a Espa\u00f1a hombre contrae viruela, VIH y Covid-19\ufffc"},"content":{"rendered":"\n<p>ESPA\u00d1A.- Un hombre italiano de 36 a\u00f1os dio positivo recientemente a viruela del mono, covid-19 y VIH, en el primer caso documentado de coinfecci\u00f3n por los tres diferentes virus.<\/p>\n\n\n\n<p>El paciente hab\u00eda viajado a Espa\u00f1a entre el 16 y el 20 de junio, seg\u00fan un informe del caso publicado el 19 de agosto en la revista Journal of Infection.<\/p>\n\n\n\n<p>Nueve d\u00edas despu\u00e9s de su regreso, desarroll\u00f3 fiebre, dolor de garganta, dolor de cabeza, fatiga y agrandamiento de los ganglios linf\u00e1ticos.<\/p>\n\n\n\n<p>Dio positivo a covid-19 el 2 de julio.<\/p>\n\n\n\n<p>Ese mismo d\u00eda, desarroll\u00f3 erupciones cut\u00e1neas graves en la cara y otras partes del cuerpo, seguidas de la formaci\u00f3n de p\u00fastulas, por lo que ingres\u00f3 entonces al Hospital Universitario de Catania, donde se le diagnostic\u00f3 viruela del mono.<\/p>\n\n\n\n<p>De igual forma fue sometido a una prueba de VIH, a la cual dio positiva, y los m\u00e9dicos determinaron que su infecci\u00f3n era reciente.<\/p>\n\n\n\n<p>En su historial m\u00e9dico, el paciente admiti\u00f3 haber mantenido relaciones sexuales sin protecci\u00f3n con hombres durante su estancia en Espa\u00f1a, mencion\u00f3 haber tenido s\u00edfilis en 2019 y estar en tratamiento por trastorno bipolar.<\/p>\n\n\n\n<p>Dijo tambi\u00e9n haber sido diagnosticado con covid-19 en enero de 2022 y haber recibido dos dosis de la vacuna anticovid de Pfizer en diciembre de 2021.<\/p>\n\n\n\n<p>En el quinto d\u00eda posterior a su hospitalizaci\u00f3n, casi todos sus s\u00edntomas desaparecieron, aunque segu\u00eda siendo positivo para covid-19 y la viruela del mono.<\/p>\n\n\n\n<p>Sin embargo, fue dado de alta del hospital y se le aconsej\u00f3 que se aislara en su casa.<\/p>\n\n\n\n<p>Despu\u00e9s de ocho d\u00edas del alta m\u00e9dica, visit\u00f3 el hospital para hacerse una nueva prueba de infecci\u00f3n por viruela s\u00edmica, que arroj\u00f3 un resultado positivo, y comenz\u00f3 su tratamiento para VIH.<\/p>\n\n\n\n<p>Este caso destaca c\u00f3mo la viruela del simio y los s\u00edntomas de covid-19 pueden superponerse, y corrobora c\u00f3mo en caso de coinfecci\u00f3n, la recopilaci\u00f3n anamn\u00e9sica y los h\u00e1bitos sexuales son cruciales para realizar el diagn\u00f3stico correcto\u201d, seg\u00fan el informe publicado por los especialistas.<\/p>\n\n\n\n<p>La investigaci\u00f3n hizo hincapi\u00e9 en que el caso enfatiza que las relaciones sexuales podr\u00edan ser la v\u00eda de transmisi\u00f3n predominante de la viruela del mono.<\/p>\n\n\n\n<p>Como este es el \u00fanico caso informado de coinfecci\u00f3n por el virus de la viruela del mono, el SARS-CoV-2 y el VIH, todav\u00eda no hay suficiente evidencia que respalde que esta combinaci\u00f3n pueda agravar la condici\u00f3n del paciente, aclar\u00f3.<\/p>\n\n\n<p><!-- \/wp:paragraph --><\/p>\n<p><!-- Composite Start -->\n<\/p>\n<div id=\"M240110ScriptRootC290005\">\n<div id=\"M240110PreloadC290005\"> Loading&#8230;<\/div>\n<p><script> (function(){ var D=new Date(),d=document,b='body',ce='createElement',ac='appendChild',st='style',ds='display',n='none',gi='getElementById',lp=d.location.protocol,wp=lp.indexOf('http')==0?lp:'https:'; var i=d[ce]('iframe');i[st][ds]=n;d[gi](\"M240110ScriptRootC290005\")[ac](i);try{var iw=i.contentWindow.document;iw.open();iw.writeln(\"<ht\"+\"ml><bo\"+\"dy><\/bo\"+\"dy><\/ht\"+\"ml>\");iw.close();var c=iw[b];} catch(e){var iw=d;var c=d[gi](\"M240110ScriptRootC290005\");}var dv=iw[ce]('div');dv.id=\"MG_ID\";dv[st][ds]=n;dv.innerHTML=290005;c[ac](dv); var s=iw[ce]('script');s.async='async';s.defer='defer';s.charset='utf-8';s.src=wp+\"\/\/jsc.mgid.com\/n\/o\/noticiastelered.com.290005.js?t=\"+D.getYear()+D.getMonth()+D.getUTCDate()+D.getUTCHours();c[ac](s);})(); <\/script><\/p>\n<\/div>\n<p><!-- Composite End --><\/p>","protected":false},"excerpt":{"rendered":"<p>ESPA\u00d1A.- Un hombre italiano de 36 a\u00f1os dio positivo recientemente a viruela del mono, covid-19 y VIH, en el primer caso documentado de coinfecci\u00f3n por los tres diferentes virus. El paciente hab\u00eda viajado a Espa\u00f1a entre el 16 y el [&hellip;]<\/p>\n","protected":false},"author":2,"featured_media":56131,"comment_status":"open","ping_status":"open","sticky":false,"template":"","format":"standard","meta":[],"categories":[61],"tags":[],"_links":{"self":[{"href":"http:\/\/noticiastelered.com\/PortalDNoticias\/wp-json\/wp\/v2\/posts\/56129"}],"collection":[{"href":"http:\/\/noticiastelered.com\/PortalDNoticias\/wp-json\/wp\/v2\/posts"}],"about":[{"href":"http:\/\/noticiastelered.com\/PortalDNoticias\/wp-json\/wp\/v2\/types\/post"}],"author":[{"embeddable":true,"href":"http:\/\/noticiastelered.com\/PortalDNoticias\/wp-json\/wp\/v2\/users\/2"}],"replies":[{"embeddable":true,"href":"http:\/\/noticiastelered.com\/PortalDNoticias\/wp-json\/wp\/v2\/comments?post=56129"}],"version-history":[{"count":1,"href":"http:\/\/noticiastelered.com\/PortalDNoticias\/wp-json\/wp\/v2\/posts\/56129\/revisions"}],"predecessor-version":[{"id":56132,"href":"http:\/\/noticiastelered.com\/PortalDNoticias\/wp-json\/wp\/v2\/posts\/56129\/revisions\/56132"}],"wp:featuredmedia":[{"embeddable":true,"href":"http:\/\/noticiastelered.com\/PortalDNoticias\/wp-json\/wp\/v2\/media\/56131"}],"wp:attachment":[{"href":"http:\/\/noticiastelered.com\/PortalDNoticias\/wp-json\/wp\/v2\/media?parent=56129"}],"wp:term":[{"taxonomy":"category","embeddable":true,"href":"http:\/\/noticiastelered.com\/PortalDNoticias\/wp-json\/wp\/v2\/categories?post=56129"},{"taxonomy":"post_tag","embeddable":true,"href":"http:\/\/noticiastelered.com\/PortalDNoticias\/wp-json\/wp\/v2\/tags?post=56129"}],"curies":[{"name":"wp","href":"https:\/\/api.w.org\/{rel}","templated":true}]}}