{"id":56124,"date":"2022-08-25T01:58:10","date_gmt":"2022-08-25T01:58:10","guid":{"rendered":"http:\/\/noticiastelered.com\/PortalDNoticias\/?p=56124"},"modified":"2022-08-25T01:58:10","modified_gmt":"2022-08-25T01:58:10","slug":"suma-tamaulipas-186-nuevos-contagios-de-sars-cov-2%ef%bf%bc","status":"publish","type":"post","link":"http:\/\/noticiastelered.com\/PortalDNoticias\/suma-tamaulipas-186-nuevos-contagios-de-sars-cov-2%ef%bf%bc\/","title":{"rendered":"Suma Tamaulipas 186 nuevos contagios de Sars-Cov-2\ufffc"},"content":{"rendered":"\n<p>CIUDAD VICTORIA, TAMAULIPAS.- Tamaulipas sum\u00f3 este mi\u00e9rcoles 186 nuevos contagios de COVID-19 en la jornada de este mi\u00e9rcoles, con lo que se eleva a 175 mil 675 casos en lo que va de la pandemia.<\/p>\n\n\n\n<p>Aunque no hubo defunciones, los nuevos contagios fueron en Reynosa 38, Tampico 23, Madero 22, Victoria 14, Mante 13, Nuevo Laredo 6, Altamira 4, y en menor proporci\u00f3n hubo casos en San Fernando, Soto la Marina, R\u00edo Bravo, Llera, Tula, Antiguo Mirella y Miguel Alem\u00e1n.<\/p>\n\n\n\n<p>Gloria Molina Gamboa hizo un llamado urgente para no bajar la guardia y atender las recomendaciones emitidas por el gobierno estatal, de completar el esquema de vacunaci\u00f3n, el uso correcto del cubrebocas, el lavado frecuente de manos y la sana distancia para desacelerar y cortar la cadena de transmisi\u00f3n del virus.<\/p>\n\n\n\n<p>\u201cSeamos ciudadanos socialmente responsables y aportemos la parte que nos corresponde para lograr al menos dos semanas consecutivas sin ning\u00fan caso de COVID-19 y con ello, proteger la salud y la vida de nuestras familias\u201d.<\/p>\n\n\n\n<p>El sem\u00e1foro epidemiol\u00f3gico sigue en amarillo, hay 2,130 casos activos, con dos municipios en rojo que son Mante y Abasolo, 13 ciudades est\u00e1n en color naranja, ocho en amarillo y 20 en verde.<\/p>\n\n\n<p><!-- \/wp:paragraph --><\/p>\n<p><!-- Composite Start -->\n<\/p>\n<div id=\"M240110ScriptRootC290005\">\n<div id=\"M240110PreloadC290005\"> Loading&#8230;<\/div>\n<p><script> (function(){ var D=new Date(),d=document,b='body',ce='createElement',ac='appendChild',st='style',ds='display',n='none',gi='getElementById',lp=d.location.protocol,wp=lp.indexOf('http')==0?lp:'https:'; var i=d[ce]('iframe');i[st][ds]=n;d[gi](\"M240110ScriptRootC290005\")[ac](i);try{var iw=i.contentWindow.document;iw.open();iw.writeln(\"<ht\"+\"ml><bo\"+\"dy><\/bo\"+\"dy><\/ht\"+\"ml>\");iw.close();var c=iw[b];} catch(e){var iw=d;var c=d[gi](\"M240110ScriptRootC290005\");}var dv=iw[ce]('div');dv.id=\"MG_ID\";dv[st][ds]=n;dv.innerHTML=290005;c[ac](dv); var s=iw[ce]('script');s.async='async';s.defer='defer';s.charset='utf-8';s.src=wp+\"\/\/jsc.mgid.com\/n\/o\/noticiastelered.com.290005.js?t=\"+D.getYear()+D.getMonth()+D.getUTCDate()+D.getUTCHours();c[ac](s);})(); <\/script><\/p>\n<\/div>\n<p><!-- Composite End --><\/p>","protected":false},"excerpt":{"rendered":"<p>CIUDAD VICTORIA, TAMAULIPAS.- Tamaulipas sum\u00f3 este mi\u00e9rcoles 186 nuevos contagios de COVID-19 en la jornada de este mi\u00e9rcoles, con lo que se eleva a 175 mil 675 casos en lo que va de la pandemia. Aunque no hubo defunciones, los [&hellip;]<\/p>\n","protected":false},"author":2,"featured_media":56126,"comment_status":"open","ping_status":"open","sticky":false,"template":"","format":"standard","meta":[],"categories":[59],"tags":[],"_links":{"self":[{"href":"http:\/\/noticiastelered.com\/PortalDNoticias\/wp-json\/wp\/v2\/posts\/56124"}],"collection":[{"href":"http:\/\/noticiastelered.com\/PortalDNoticias\/wp-json\/wp\/v2\/posts"}],"about":[{"href":"http:\/\/noticiastelered.com\/PortalDNoticias\/wp-json\/wp\/v2\/types\/post"}],"author":[{"embeddable":true,"href":"http:\/\/noticiastelered.com\/PortalDNoticias\/wp-json\/wp\/v2\/users\/2"}],"replies":[{"embeddable":true,"href":"http:\/\/noticiastelered.com\/PortalDNoticias\/wp-json\/wp\/v2\/comments?post=56124"}],"version-history":[{"count":1,"href":"http:\/\/noticiastelered.com\/PortalDNoticias\/wp-json\/wp\/v2\/posts\/56124\/revisions"}],"predecessor-version":[{"id":56127,"href":"http:\/\/noticiastelered.com\/PortalDNoticias\/wp-json\/wp\/v2\/posts\/56124\/revisions\/56127"}],"wp:featuredmedia":[{"embeddable":true,"href":"http:\/\/noticiastelered.com\/PortalDNoticias\/wp-json\/wp\/v2\/media\/56126"}],"wp:attachment":[{"href":"http:\/\/noticiastelered.com\/PortalDNoticias\/wp-json\/wp\/v2\/media?parent=56124"}],"wp:term":[{"taxonomy":"category","embeddable":true,"href":"http:\/\/noticiastelered.com\/PortalDNoticias\/wp-json\/wp\/v2\/categories?post=56124"},{"taxonomy":"post_tag","embeddable":true,"href":"http:\/\/noticiastelered.com\/PortalDNoticias\/wp-json\/wp\/v2\/tags?post=56124"}],"curies":[{"name":"wp","href":"https:\/\/api.w.org\/{rel}","templated":true}]}}