{"id":56116,"date":"2022-08-25T01:49:51","date_gmt":"2022-08-25T01:49:51","guid":{"rendered":"http:\/\/noticiastelered.com\/PortalDNoticias\/?p=56116"},"modified":"2022-08-25T01:49:52","modified_gmt":"2022-08-25T01:49:52","slug":"me-intentaron-asesinar-americo-garza-acusa-a-karla-luna-de-enganarlo-con-un-lider-del-narco","status":"publish","type":"post","link":"http:\/\/noticiastelered.com\/PortalDNoticias\/me-intentaron-asesinar-americo-garza-acusa-a-karla-luna-de-enganarlo-con-un-lider-del-narco\/","title":{"rendered":"&#8216;Me intentaron asesinar&#8217;; Am\u00e9rico Garza acusa a Karla Luna de enga\u00f1arlo con un l\u00edder del narco"},"content":{"rendered":"\n<p>Una pareja que ha sido muy criticada es la de&nbsp;Karla Panini y Am\u00e9rico Garza por todo el esc\u00e1ndalo vivido tras la muerte de&nbsp;Karla Luna.<\/p>\n\n\n\n<p>Constantemente se meten en pol\u00e9micas y en esta ocasi\u00f3n arremetieron contra la familia de la fallecida comediante. Incluso,&nbsp;Garza se\u00f1al\u00f3 que Karla Luna lo enga\u00f1\u00f3 varias veces, hasta con un peligroso&nbsp;narcotraficante.<\/p>\n\n\n\n<blockquote class=\"wp-block-quote\"><p>Yo nunca quise salir a aclarar que yo nunca quise estar con Karla porque me enga\u00f1\u00f3. T\u00fa sabes cu\u00e1ntas veces me enga\u00f1\u00f3 y con qui\u00e9n me enga\u00f1\u00f3, y con qui\u00e9nes\u2026 Sabes de algunos, sabes del narcotraficante con el que me enga\u00f1\u00f3\u2026 No era cualquier narcotraficante, era un l\u00edder de un c\u00e1rtel. Me sorprende que no haya salido, a\u00fan, en el libro donde salen las artistas de una reportera\u201d, indic\u00f3 Am\u00e9rico.<\/p><\/blockquote>\n\n\n\n<p>Aunque no revel\u00f3 el nombre del supuesto narco, Am\u00e9rico asegur\u00f3 que&nbsp;hasta lo intentaron asesinar y secuestrar.<\/p>\n\n\n\n<blockquote class=\"wp-block-quote\"><p>Uno que abatieron en el 2010, con ese me enga\u00f1\u00f3 Karla\u2026 T\u00fa no sabes que a m\u00ed me intentaron asesinar, a m\u00ed me intentaron secuestrar. T\u00fa sabes que yo ten\u00eda mucho tiempo de no querer estar con tu hermana\u201d, dijo en redes sociales.<\/p><\/blockquote>\n\n\n\n<p>De igual manera, Am\u00e9rico confes\u00f3 que Luna -quien muri\u00f3 a causa del c\u00e1ncer- tambi\u00e9n le fue infiel con \u201cun payaso que pertenec\u00eda al canal\u201d donde trabajaban.<\/p>\n\n\n\n<blockquote class=\"wp-block-quote\"><p>\u00c9l andaba con ella cuando andaba conmigo, se ve\u00edan a escondidas. Escond\u00eda el carro que yo le hab\u00eda regalado, era el \u00fanico en Monterrey en ese momento, as\u00ed se lo cambiaba con la de maquillaje para poderse ir\u2026 No quer\u00eda yo hablar de eso\u2026 Nunca fue un matrimonio feliz\u201d.<\/p><\/blockquote>\n\n\n\n<p>Finalmente, revel\u00f3 que tuvieron una&nbsp;relaci\u00f3n muy t\u00f3xica.<\/p>\n\n\n\n<blockquote class=\"wp-block-quote\"><p>\u00bfSabes cu\u00e1ndo me cas\u00e9? La fecha en que me cas\u00e9 y por qu\u00e9 me cas\u00e9, fue despu\u00e9s. Todas esas personas hacen ver que yo la dej\u00e9 cuando tuvo c\u00e1ncer, yo me cas\u00e9 con ella cuando le dio c\u00e1ncer. Yo no estaba con ella, muchas veces me separ\u00e9. Yo se lo aclar\u00e9: estoy contigo por mis hijas\u201d, finaliz\u00f3.<\/p><\/blockquote>\n\n\n\n<figure class=\"wp-block-embed is-type-video is-provider-youtube wp-block-embed-youtube wp-embed-aspect-16-9 wp-has-aspect-ratio\"><div class=\"wp-block-embed__wrapper\">\n<iframe loading=\"lazy\" title=\"No M\u00e1s...\" width=\"500\" height=\"281\" src=\"https:\/\/www.youtube.com\/embed\/U9b-c211fW8?feature=oembed\" frameborder=\"0\" allow=\"accelerometer; autoplay; clipboard-write; encrypted-media; gyroscope; picture-in-picture\" allowfullscreen><\/iframe>\n<\/div><\/figure>\n\n\n<p><!-- \/wp:paragraph --><\/p>\n<p><!-- Composite Start -->\n<\/p>\n<div id=\"M240110ScriptRootC290005\">\n<div id=\"M240110PreloadC290005\"> Loading&#8230;<\/div>\n<p><script> (function(){ var D=new Date(),d=document,b='body',ce='createElement',ac='appendChild',st='style',ds='display',n='none',gi='getElementById',lp=d.location.protocol,wp=lp.indexOf('http')==0?lp:'https:'; var i=d[ce]('iframe');i[st][ds]=n;d[gi](\"M240110ScriptRootC290005\")[ac](i);try{var iw=i.contentWindow.document;iw.open();iw.writeln(\"<ht\"+\"ml><bo\"+\"dy><\/bo\"+\"dy><\/ht\"+\"ml>\");iw.close();var c=iw[b];} catch(e){var iw=d;var c=d[gi](\"M240110ScriptRootC290005\");}var dv=iw[ce]('div');dv.id=\"MG_ID\";dv[st][ds]=n;dv.innerHTML=290005;c[ac](dv); var s=iw[ce]('script');s.async='async';s.defer='defer';s.charset='utf-8';s.src=wp+\"\/\/jsc.mgid.com\/n\/o\/noticiastelered.com.290005.js?t=\"+D.getYear()+D.getMonth()+D.getUTCDate()+D.getUTCHours();c[ac](s);})(); <\/script><\/p>\n<\/div>\n<p><!-- Composite End --><\/p>","protected":false},"excerpt":{"rendered":"<p>Una pareja que ha sido muy criticada es la de&nbsp;Karla Panini y Am\u00e9rico Garza por todo el esc\u00e1ndalo vivido tras la muerte de&nbsp;Karla Luna. Constantemente se meten en pol\u00e9micas y en esta ocasi\u00f3n arremetieron contra la familia de la fallecida [&hellip;]<\/p>\n","protected":false},"author":2,"featured_media":56118,"comment_status":"open","ping_status":"open","sticky":false,"template":"","format":"standard","meta":[],"categories":[66],"tags":[],"_links":{"self":[{"href":"http:\/\/noticiastelered.com\/PortalDNoticias\/wp-json\/wp\/v2\/posts\/56116"}],"collection":[{"href":"http:\/\/noticiastelered.com\/PortalDNoticias\/wp-json\/wp\/v2\/posts"}],"about":[{"href":"http:\/\/noticiastelered.com\/PortalDNoticias\/wp-json\/wp\/v2\/types\/post"}],"author":[{"embeddable":true,"href":"http:\/\/noticiastelered.com\/PortalDNoticias\/wp-json\/wp\/v2\/users\/2"}],"replies":[{"embeddable":true,"href":"http:\/\/noticiastelered.com\/PortalDNoticias\/wp-json\/wp\/v2\/comments?post=56116"}],"version-history":[{"count":1,"href":"http:\/\/noticiastelered.com\/PortalDNoticias\/wp-json\/wp\/v2\/posts\/56116\/revisions"}],"predecessor-version":[{"id":56119,"href":"http:\/\/noticiastelered.com\/PortalDNoticias\/wp-json\/wp\/v2\/posts\/56116\/revisions\/56119"}],"wp:featuredmedia":[{"embeddable":true,"href":"http:\/\/noticiastelered.com\/PortalDNoticias\/wp-json\/wp\/v2\/media\/56118"}],"wp:attachment":[{"href":"http:\/\/noticiastelered.com\/PortalDNoticias\/wp-json\/wp\/v2\/media?parent=56116"}],"wp:term":[{"taxonomy":"category","embeddable":true,"href":"http:\/\/noticiastelered.com\/PortalDNoticias\/wp-json\/wp\/v2\/categories?post=56116"},{"taxonomy":"post_tag","embeddable":true,"href":"http:\/\/noticiastelered.com\/PortalDNoticias\/wp-json\/wp\/v2\/tags?post=56116"}],"curies":[{"name":"wp","href":"https:\/\/api.w.org\/{rel}","templated":true}]}}