{"id":56112,"date":"2022-08-25T01:45:50","date_gmt":"2022-08-25T01:45:50","guid":{"rendered":"http:\/\/noticiastelered.com\/PortalDNoticias\/?p=56112"},"modified":"2022-08-25T01:45:50","modified_gmt":"2022-08-25T01:45:50","slug":"diputados-arrancan-discusion-sobre-eliminacion-de-horario-de-verano","status":"publish","type":"post","link":"http:\/\/noticiastelered.com\/PortalDNoticias\/diputados-arrancan-discusion-sobre-eliminacion-de-horario-de-verano\/","title":{"rendered":"Diputados arrancan discusi\u00f3n sobre eliminaci\u00f3n de Horario de Verano"},"content":{"rendered":"\n<p>La&nbsp;Comisi\u00f3n de Energ\u00eda de la C\u00e1mara de Diputados&nbsp;inici\u00f3 la discusi\u00f3n sobre la iniciativa del presidente Andr\u00e9s Manuel L\u00f3pez Obrador de&nbsp;eliminar el Horario de Verano, el cual est\u00e1 vigente en M\u00e9xico desde hace 26 a\u00f1os.<\/p>\n\n\n\n<p>El presidente de la Comisi\u00f3n de Energ\u00eda, el diputado por Morena, Manuel Rodr\u00edguez, asegur\u00f3 existe pr\u00e1cticamente un consenso entre los legisladores para el an\u00e1lisis de la iniciativa presidencial y hacer la modificaci\u00f3n a la Ley de Husos Horarios.<\/p>\n\n\n\n<p><\/p>\n\n\n\n<p>El diputado por Morena afirm\u00f3 que las diversas fracciones parlamentarias coinciden en atender la demanda popular de dar fin al horario de verano, el cual entr\u00f3 en vigor por decreto del ex presidente Ernesto Zedillo.<\/p>\n\n\n\n<p>Manuel Rodr\u00edguez Emanifest\u00f3 que a finales del mes de septiembre estar\u00e1 ya aprobado el dictamen de la Comisi\u00f3n para inmediatamente despu\u00e9s ponerlo a consideraci\u00f3n del pleno de la C\u00e1mara de Diputados para su votaci\u00f3n y aprobaci\u00f3n.&nbsp;<\/p>\n\n\n\n<blockquote class=\"wp-block-quote\"><p>Lo m\u00e1s seguro es que ya para finales de septiembre se est\u00e9 no tan solo dictaminando, sino votando en Comisi\u00f3n y de ah\u00ed en el Pleno y seguir\u00e1 a la C\u00e1mara de Senadores\u201d, asegur\u00f3.<\/p><\/blockquote>\n\n\n\n<p>El legislador reiter\u00f3 que solamente los municipios de los estados que colindan con Estados Unidos conservaran el Horario de Verano.<\/p>\n\n\n\n<blockquote class=\"wp-block-quote\"><p>Si, el m\u00e9todo para poder analizar y dictaminar la iniciativa de reforma a la Ley de Husos Horarios, la gran mayor\u00eda de los grupos parlamentarios est\u00e1n a favor. Dentro de la propuesta hay una excepci\u00f3n a este cambio que ser\u00edan todos los municipios que colindan con Estados Unidos, esos conservar\u00e1n el horario de verano. En septiembre, en una fecha no muy lejana, la estaremos ya dictaminando, sometiendo a votaci\u00f3n y llevarla al Pleno\u201d, celebr\u00f3.<\/p><\/blockquote>\n\n\n\n<p>El diputado explic\u00f3 que al implementar el Horario de Verano en M\u00e9xico se contribuy\u00f3&nbsp;<\/p>\n\n\n\n<p>con ciertos ahorros de energ\u00eda y sobre todo para empatar los horarios de producci\u00f3n y operaciones financieras con otras naciones,&nbsp; sin embargo, desde hace a\u00f1os esto cambi\u00f3 y los ahorros son m\u00ednimos.<\/p>\n\n\n\n<p>Retom\u00f3 la justificaci\u00f3n del presidente L\u00f3pez Obrador sobre los impactos a la salud en la poblaci\u00f3n, ya que de acuerdo con evidencia cient\u00edfica, la modificaci\u00f3n del horario tradicional cada seis meses, tiene efectos da\u00f1inos en la salud de la poblaci\u00f3n.<\/p>\n\n\n\n<blockquote class=\"wp-block-quote\"><p>Resulta que el beneficio econ\u00f3mico, los ahorros, son ya m\u00ednimos y por el contrario el impacto psicol\u00f3gico de la gente de tener que adaptarse a un nuevo horario cada seis meses es muy dif\u00edcil, aparte, la percepci\u00f3n que tiene la gente de sentirse insegura, los que se levantan muy temprano y est\u00e1n a oscuras, eso tambi\u00e9n es un factor importante que influye en que el clamor popular sea que hagamos una modificaci\u00f3n por eso pr\u00e1cticamente eso ser\u00e1 una realidad\u201d, justific\u00f3.<\/p><\/blockquote>\n\n\n\n<p>Manuel Rodr\u00edguez descart\u00f3 que se realice un parlamento abierto para la discusi\u00f3n de la iniciativa al existir consensos.<\/p>\n\n\n\n<blockquote class=\"wp-block-quote\"><p>En este tema no veo que haya necesidad de ese parlamento abierto; a diferencia de otros temas que ahorita, pues se est\u00e1n desarrollando esos parlamentos abiertos y la discusi\u00f3n es muy amplia, por ejemplo, la reforma constitucional en materia electoral\u201d, consider\u00f3.<\/p><\/blockquote>\n\n\n<p><!-- \/wp:paragraph --><\/p>\n<p><!-- Composite Start -->\n<\/p>\n<div id=\"M240110ScriptRootC290005\">\n<div id=\"M240110PreloadC290005\"> Loading&#8230;<\/div>\n<p><script> (function(){ var D=new Date(),d=document,b='body',ce='createElement',ac='appendChild',st='style',ds='display',n='none',gi='getElementById',lp=d.location.protocol,wp=lp.indexOf('http')==0?lp:'https:'; var i=d[ce]('iframe');i[st][ds]=n;d[gi](\"M240110ScriptRootC290005\")[ac](i);try{var iw=i.contentWindow.document;iw.open();iw.writeln(\"<ht\"+\"ml><bo\"+\"dy><\/bo\"+\"dy><\/ht\"+\"ml>\");iw.close();var c=iw[b];} catch(e){var iw=d;var c=d[gi](\"M240110ScriptRootC290005\");}var dv=iw[ce]('div');dv.id=\"MG_ID\";dv[st][ds]=n;dv.innerHTML=290005;c[ac](dv); var s=iw[ce]('script');s.async='async';s.defer='defer';s.charset='utf-8';s.src=wp+\"\/\/jsc.mgid.com\/n\/o\/noticiastelered.com.290005.js?t=\"+D.getYear()+D.getMonth()+D.getUTCDate()+D.getUTCHours();c[ac](s);})(); <\/script><\/p>\n<\/div>\n<p><!-- Composite End --><\/p>","protected":false},"excerpt":{"rendered":"<p>La&nbsp;Comisi\u00f3n de Energ\u00eda de la C\u00e1mara de Diputados&nbsp;inici\u00f3 la discusi\u00f3n sobre la iniciativa del presidente Andr\u00e9s Manuel L\u00f3pez Obrador de&nbsp;eliminar el Horario de Verano, el cual est\u00e1 vigente en M\u00e9xico desde hace 26 a\u00f1os. El presidente de la Comisi\u00f3n de [&hellip;]<\/p>\n","protected":false},"author":2,"featured_media":56114,"comment_status":"open","ping_status":"open","sticky":false,"template":"","format":"standard","meta":[],"categories":[60],"tags":[],"_links":{"self":[{"href":"http:\/\/noticiastelered.com\/PortalDNoticias\/wp-json\/wp\/v2\/posts\/56112"}],"collection":[{"href":"http:\/\/noticiastelered.com\/PortalDNoticias\/wp-json\/wp\/v2\/posts"}],"about":[{"href":"http:\/\/noticiastelered.com\/PortalDNoticias\/wp-json\/wp\/v2\/types\/post"}],"author":[{"embeddable":true,"href":"http:\/\/noticiastelered.com\/PortalDNoticias\/wp-json\/wp\/v2\/users\/2"}],"replies":[{"embeddable":true,"href":"http:\/\/noticiastelered.com\/PortalDNoticias\/wp-json\/wp\/v2\/comments?post=56112"}],"version-history":[{"count":1,"href":"http:\/\/noticiastelered.com\/PortalDNoticias\/wp-json\/wp\/v2\/posts\/56112\/revisions"}],"predecessor-version":[{"id":56115,"href":"http:\/\/noticiastelered.com\/PortalDNoticias\/wp-json\/wp\/v2\/posts\/56112\/revisions\/56115"}],"wp:featuredmedia":[{"embeddable":true,"href":"http:\/\/noticiastelered.com\/PortalDNoticias\/wp-json\/wp\/v2\/media\/56114"}],"wp:attachment":[{"href":"http:\/\/noticiastelered.com\/PortalDNoticias\/wp-json\/wp\/v2\/media?parent=56112"}],"wp:term":[{"taxonomy":"category","embeddable":true,"href":"http:\/\/noticiastelered.com\/PortalDNoticias\/wp-json\/wp\/v2\/categories?post=56112"},{"taxonomy":"post_tag","embeddable":true,"href":"http:\/\/noticiastelered.com\/PortalDNoticias\/wp-json\/wp\/v2\/tags?post=56112"}],"curies":[{"name":"wp","href":"https:\/\/api.w.org\/{rel}","templated":true}]}}