{"id":56085,"date":"2022-08-24T05:55:21","date_gmt":"2022-08-24T05:55:21","guid":{"rendered":"http:\/\/noticiastelered.com\/PortalDNoticias\/?p=56085"},"modified":"2022-08-24T05:55:22","modified_gmt":"2022-08-24T05:55:22","slug":"preocupate-por-lo-que-te-falta-alejandro-fernandez-responde-a-burlas-de-su-look-de-senora%ef%bf%bc","status":"publish","type":"post","link":"http:\/\/noticiastelered.com\/PortalDNoticias\/preocupate-por-lo-que-te-falta-alejandro-fernandez-responde-a-burlas-de-su-look-de-senora%ef%bf%bc\/","title":{"rendered":"\u201cPreoc\u00fapate por lo que te falta\u201d; Alejandro Fern\u00e1ndez responde a burlas de su \u2018look de se\u00f1ora\u2019\ufffc"},"content":{"rendered":"\n<p>M\u00c9XICO.- Recientemente, Alejandro Fern\u00e1ndez \u2018El potrillo\u2019 fue v\u00edctima de burlas y memes por una foto que subi\u00f3 durante sus vacaciones en Venecia, Italia.<\/p>\n\n\n\n<p>Desde hace varios d\u00edas, el cantante se encuentra de viaje por Europa junto a su novia Karla Laveaga. Ah\u00ed, Alejandro se ha dejado ver con una cabellera larga y platinada.<\/p>\n\n\n\n<p>\u2018Alejandro Fern\u00e1ndez es la se\u00f1ora copetona que todas deseamos llegar a ser\u2019 \/ \u2018Har\u00e1 la versi\u00f3n de Pap\u00e1 por siempre\u2019 \/ \u2018Se parece a Chavela Vargas\u2019 \/ \u2018Mi abuela decidi\u00f3 dejar todo atr\u00e1s y solo dedicarse a viajar por el mundo\u2019 \/ \u2018Es una se\u00f1ora de las Lomas\u2019, fueron algunas de las burlas que pudieron leerse en redes sociales.<\/p>\n\n\n\n<p>Ante esta situaci\u00f3n, el hijo de Vicente Fern\u00e1ndez public\u00f3 una nueva foto en su cuenta de Instagram para responder a quienes se burlaron.<\/p>\n\n\n\n<p>En la fotograf\u00eda puede verse a Alejandro Fern\u00e1ndez presumiendo su melena mientras disfruta de una copa de vino blanco.<\/p>\n\n\n\n<p>\u201cNo te preocupes por lo que yo tenga o deje de hacer\u2026 preoc\u00fapate por lo que a ti te falta o no puedas hacer. Yo estoy muy feliz\u201d, escribi\u00f3 en la publicaci\u00f3n.<\/p>\n\n\n\n<p>\u2018Guapo, talentoso y buena gente\u2019 \/ \u2018As\u00ed mero, compadre\u2019 \/ \u2018Guap\u00edsimo\u2019, le escribieron sus fans.<\/p>\n\n\n<p><!-- \/wp:paragraph --><\/p>\n<p><!-- Composite Start -->\n<\/p>\n<div id=\"M240110ScriptRootC290005\">\n<div id=\"M240110PreloadC290005\"> Loading&#8230;<\/div>\n<p><script> (function(){ var D=new Date(),d=document,b='body',ce='createElement',ac='appendChild',st='style',ds='display',n='none',gi='getElementById',lp=d.location.protocol,wp=lp.indexOf('http')==0?lp:'https:'; var i=d[ce]('iframe');i[st][ds]=n;d[gi](\"M240110ScriptRootC290005\")[ac](i);try{var iw=i.contentWindow.document;iw.open();iw.writeln(\"<ht\"+\"ml><bo\"+\"dy><\/bo\"+\"dy><\/ht\"+\"ml>\");iw.close();var c=iw[b];} catch(e){var iw=d;var c=d[gi](\"M240110ScriptRootC290005\");}var dv=iw[ce]('div');dv.id=\"MG_ID\";dv[st][ds]=n;dv.innerHTML=290005;c[ac](dv); var s=iw[ce]('script');s.async='async';s.defer='defer';s.charset='utf-8';s.src=wp+\"\/\/jsc.mgid.com\/n\/o\/noticiastelered.com.290005.js?t=\"+D.getYear()+D.getMonth()+D.getUTCDate()+D.getUTCHours();c[ac](s);})(); <\/script><\/p>\n<\/div>\n<p><!-- Composite End --><\/p>","protected":false},"excerpt":{"rendered":"<p>M\u00c9XICO.- Recientemente, Alejandro Fern\u00e1ndez \u2018El potrillo\u2019 fue v\u00edctima de burlas y memes por una foto que subi\u00f3 durante sus vacaciones en Venecia, Italia. Desde hace varios d\u00edas, el cantante se encuentra de viaje por Europa junto a su novia Karla [&hellip;]<\/p>\n","protected":false},"author":2,"featured_media":56087,"comment_status":"open","ping_status":"open","sticky":false,"template":"","format":"standard","meta":[],"categories":[66],"tags":[],"_links":{"self":[{"href":"http:\/\/noticiastelered.com\/PortalDNoticias\/wp-json\/wp\/v2\/posts\/56085"}],"collection":[{"href":"http:\/\/noticiastelered.com\/PortalDNoticias\/wp-json\/wp\/v2\/posts"}],"about":[{"href":"http:\/\/noticiastelered.com\/PortalDNoticias\/wp-json\/wp\/v2\/types\/post"}],"author":[{"embeddable":true,"href":"http:\/\/noticiastelered.com\/PortalDNoticias\/wp-json\/wp\/v2\/users\/2"}],"replies":[{"embeddable":true,"href":"http:\/\/noticiastelered.com\/PortalDNoticias\/wp-json\/wp\/v2\/comments?post=56085"}],"version-history":[{"count":1,"href":"http:\/\/noticiastelered.com\/PortalDNoticias\/wp-json\/wp\/v2\/posts\/56085\/revisions"}],"predecessor-version":[{"id":56088,"href":"http:\/\/noticiastelered.com\/PortalDNoticias\/wp-json\/wp\/v2\/posts\/56085\/revisions\/56088"}],"wp:featuredmedia":[{"embeddable":true,"href":"http:\/\/noticiastelered.com\/PortalDNoticias\/wp-json\/wp\/v2\/media\/56087"}],"wp:attachment":[{"href":"http:\/\/noticiastelered.com\/PortalDNoticias\/wp-json\/wp\/v2\/media?parent=56085"}],"wp:term":[{"taxonomy":"category","embeddable":true,"href":"http:\/\/noticiastelered.com\/PortalDNoticias\/wp-json\/wp\/v2\/categories?post=56085"},{"taxonomy":"post_tag","embeddable":true,"href":"http:\/\/noticiastelered.com\/PortalDNoticias\/wp-json\/wp\/v2\/tags?post=56085"}],"curies":[{"name":"wp","href":"https:\/\/api.w.org\/{rel}","templated":true}]}}