{"id":56076,"date":"2022-08-24T05:50:12","date_gmt":"2022-08-24T05:50:12","guid":{"rendered":"http:\/\/noticiastelered.com\/PortalDNoticias\/?p=56076"},"modified":"2022-08-24T05:50:13","modified_gmt":"2022-08-24T05:50:13","slug":"asi-reacciono-shakira-al-ver-la-foto-de-pique-besandose-con-su-nueva-novia%ef%bf%bc","status":"publish","type":"post","link":"http:\/\/noticiastelered.com\/PortalDNoticias\/asi-reacciono-shakira-al-ver-la-foto-de-pique-besandose-con-su-nueva-novia%ef%bf%bc\/","title":{"rendered":"As\u00ed reaccion\u00f3 Shakira al ver la foto de Piqu\u00e9 bes\u00e1ndose con su nueva novia\ufffc"},"content":{"rendered":"\n<p>ESPA\u00d1A.- La separaci\u00f3n entre Shakira y Gerard Piqu\u00e9 ha sido bastante escandalosa. Y ahora, el futbolista del club Barcelona ha hecho enfurecer a la colombiana.<\/p>\n\n\n\n<p>Adem\u00e1s del pleito legal por la custodia de los hijos, el ex seleccionado espa\u00f1ol rompi\u00f3 un trato que ten\u00eda con Shakira sobre no mostrarse en p\u00fablico con otra pareja, al menos por un a\u00f1o.<\/p>\n\n\n\n<p>Recientemente, Piqu\u00e9 fue visto en p\u00fablico bes\u00e1ndose con Clara Ch\u00eda Mart\u00ed. De acuerdo al medio Socialit\u00e9, estuvieron en el concierto de Dani Mart\u00edn, en el Summerfest Cerdanya, y no dudaron en mostrar todo el amor que se tienen.<\/p>\n\n\n\n<p>Tras ver las im\u00e1genes, Shakira estall\u00f3 y arremeti\u00f3 contra su expareja y pap\u00e1 de sus hijos.<\/p>\n\n\n\n<p>Una fuente cercana a la colombiana revel\u00f3 a Socialit\u00e9 que la artista est\u00e1 \u201cmuy enfadada por ver al padre de sus hijos con su novia en p\u00fablico\u201d.<\/p>\n\n\n\n<p>Otra situaci\u00f3n que molest\u00f3 a Shakira y lo sinti\u00f3 como traici\u00f3n fue que en el evento tambi\u00e9n se encontraban los pap\u00e1s de Piqu\u00e9.<\/p>\n\n\n\n<p>\u201cSe besaron y hubo muchos gestos de complicidad, abrazos y caricias\u2026 No se escondieron\u201d, dijeron en el podcast Mamarazzis, del diario espa\u00f1ol El Peri\u00f3dico.<\/p>\n\n\n\n<p>Habr\u00e1 que esperar a ver si esta escena no afecta los acuerdos previos a los que hab\u00edan llegado ambas partes y se desata una guerra m\u00e1s intensa.<\/p>\n\n\n\n<figure class=\"wp-block-image size-full\"><img decoding=\"async\" loading=\"lazy\" width=\"592\" height=\"657\" src=\"http:\/\/noticiastelered.com\/PortalDNoticias\/wp-content\/uploads\/2022\/08\/image-5.png\" alt=\"\" class=\"wp-image-56078\"\/><\/figure>\n\n\n<p><!-- \/wp:paragraph --><\/p>\n<p><!-- Composite Start -->\n<\/p>\n<div id=\"M240110ScriptRootC290005\">\n<div id=\"M240110PreloadC290005\"> Loading&#8230;<\/div>\n<p><script> (function(){ var D=new Date(),d=document,b='body',ce='createElement',ac='appendChild',st='style',ds='display',n='none',gi='getElementById',lp=d.location.protocol,wp=lp.indexOf('http')==0?lp:'https:'; var i=d[ce]('iframe');i[st][ds]=n;d[gi](\"M240110ScriptRootC290005\")[ac](i);try{var iw=i.contentWindow.document;iw.open();iw.writeln(\"<ht\"+\"ml><bo\"+\"dy><\/bo\"+\"dy><\/ht\"+\"ml>\");iw.close();var c=iw[b];} catch(e){var iw=d;var c=d[gi](\"M240110ScriptRootC290005\");}var dv=iw[ce]('div');dv.id=\"MG_ID\";dv[st][ds]=n;dv.innerHTML=290005;c[ac](dv); var s=iw[ce]('script');s.async='async';s.defer='defer';s.charset='utf-8';s.src=wp+\"\/\/jsc.mgid.com\/n\/o\/noticiastelered.com.290005.js?t=\"+D.getYear()+D.getMonth()+D.getUTCDate()+D.getUTCHours();c[ac](s);})(); <\/script><\/p>\n<\/div>\n<p><!-- Composite End --><\/p>","protected":false},"excerpt":{"rendered":"<p>ESPA\u00d1A.- La separaci\u00f3n entre Shakira y Gerard Piqu\u00e9 ha sido bastante escandalosa. Y ahora, el futbolista del club Barcelona ha hecho enfurecer a la colombiana. Adem\u00e1s del pleito legal por la custodia de los hijos, el ex seleccionado espa\u00f1ol rompi\u00f3 [&hellip;]<\/p>\n","protected":false},"author":2,"featured_media":56079,"comment_status":"open","ping_status":"open","sticky":false,"template":"","format":"standard","meta":[],"categories":[66],"tags":[],"_links":{"self":[{"href":"http:\/\/noticiastelered.com\/PortalDNoticias\/wp-json\/wp\/v2\/posts\/56076"}],"collection":[{"href":"http:\/\/noticiastelered.com\/PortalDNoticias\/wp-json\/wp\/v2\/posts"}],"about":[{"href":"http:\/\/noticiastelered.com\/PortalDNoticias\/wp-json\/wp\/v2\/types\/post"}],"author":[{"embeddable":true,"href":"http:\/\/noticiastelered.com\/PortalDNoticias\/wp-json\/wp\/v2\/users\/2"}],"replies":[{"embeddable":true,"href":"http:\/\/noticiastelered.com\/PortalDNoticias\/wp-json\/wp\/v2\/comments?post=56076"}],"version-history":[{"count":1,"href":"http:\/\/noticiastelered.com\/PortalDNoticias\/wp-json\/wp\/v2\/posts\/56076\/revisions"}],"predecessor-version":[{"id":56080,"href":"http:\/\/noticiastelered.com\/PortalDNoticias\/wp-json\/wp\/v2\/posts\/56076\/revisions\/56080"}],"wp:featuredmedia":[{"embeddable":true,"href":"http:\/\/noticiastelered.com\/PortalDNoticias\/wp-json\/wp\/v2\/media\/56079"}],"wp:attachment":[{"href":"http:\/\/noticiastelered.com\/PortalDNoticias\/wp-json\/wp\/v2\/media?parent=56076"}],"wp:term":[{"taxonomy":"category","embeddable":true,"href":"http:\/\/noticiastelered.com\/PortalDNoticias\/wp-json\/wp\/v2\/categories?post=56076"},{"taxonomy":"post_tag","embeddable":true,"href":"http:\/\/noticiastelered.com\/PortalDNoticias\/wp-json\/wp\/v2\/tags?post=56076"}],"curies":[{"name":"wp","href":"https:\/\/api.w.org\/{rel}","templated":true}]}}