{"id":56059,"date":"2022-08-24T05:41:25","date_gmt":"2022-08-24T05:41:25","guid":{"rendered":"http:\/\/noticiastelered.com\/PortalDNoticias\/?p=56059"},"modified":"2022-08-24T05:41:26","modified_gmt":"2022-08-24T05:41:26","slug":"alistan-nuevo-plan-para-rescatar-a-mineros-de-sabinas%ef%bf%bc","status":"publish","type":"post","link":"http:\/\/noticiastelered.com\/PortalDNoticias\/alistan-nuevo-plan-para-rescatar-a-mineros-de-sabinas%ef%bf%bc\/","title":{"rendered":"Alistan nuevo plan para rescatar a mineros de Sabinas\ufffc"},"content":{"rendered":"\n<p>M\u00c9XICO.- Laura Vel\u00e1zquez Alz\u00faa, coordinadora nacional de Protecci\u00f3n Civil, indic\u00f3 que de seis minas cercanas a Pinabete -en donde est\u00e1n atrapados 10 mineros en Sabinas, Coahuila- pudieran estar conectadas y filtrando agua. Se\u00f1al\u00f3 que entre este martes y mi\u00e9rcoles se tendr\u00e1 un nuevo plan de trabajo para el rescate.<\/p>\n\n\n\n<p>En la conferencia de prensa matutina, el presidente Andr\u00e9s Manuel L\u00f3pez Obrador indic\u00f3 que est\u00e1n trabajando en la mina m\u00e1s de 400 servidores p\u00fablicos, aunque la inundaci\u00f3n complica el avance.<\/p>\n\n\n\n<p>En una videollamada, la coordinadora nacional de Protecci\u00f3n Civil afirm\u00f3 que ya suman 471 horas ininterrumpidas de labores para el rescate.<\/p>\n\n\n\n<p>Al cumplirse 20 d\u00edas de la tragedia, detall\u00f3 que hay al menos seis grandes minas abandonadas y m\u00e1s grandes alrededor de Pinabete que \u201chan acumulado miles de metros c\u00fabicos de aguas pluviales o residuales provenientes incluso de los mantos fre\u00e1ticos, se presume que puedan estar conectadas\u201d.<\/p>\n\n\n\n<p>Grupo de t\u00e9cnicos elaboran plan<br>Apunt\u00f3 que este lunes les entregaron los resultados finales de los estudios geof\u00edsicos que \u201cser\u00e1n de importancia para la evaluaci\u00f3n de las condiciones actuales de la saturaci\u00f3n de agua en la mina\u201d.<\/p>\n\n\n\n<p>Dijo que para el an\u00e1lisis de los resultados se ha formado un grupo t\u00e9cnicos, \u201cdichos resultados servir\u00e1n para implementar un plan de trabajo de ingenier\u00eda que nos permite reducir la aportaci\u00f3n de agua a la mina a partir de un trabajo de especialistas\u201d.<\/p>\n\n\n\n<p>\u201cEsperamos que el d\u00eda de hoy o ma\u00f1ana a m\u00e1s tardar tengamos respuesta a este plan\u201d, dijo.<\/p>\n\n\n\n<p>Dijo que se detectar\u00e1 las zonas que filtran el agua a Pinabete. La titular de Protecci\u00f3n Civil dijo que los niveles de agua en la mina siguen bajando.<\/p>\n\n\n<p><!-- \/wp:paragraph --><\/p>\n<p><!-- Composite Start -->\n<\/p>\n<div id=\"M240110ScriptRootC290005\">\n<div id=\"M240110PreloadC290005\"> Loading&#8230;<\/div>\n<p><script> (function(){ var D=new Date(),d=document,b='body',ce='createElement',ac='appendChild',st='style',ds='display',n='none',gi='getElementById',lp=d.location.protocol,wp=lp.indexOf('http')==0?lp:'https:'; var i=d[ce]('iframe');i[st][ds]=n;d[gi](\"M240110ScriptRootC290005\")[ac](i);try{var iw=i.contentWindow.document;iw.open();iw.writeln(\"<ht\"+\"ml><bo\"+\"dy><\/bo\"+\"dy><\/ht\"+\"ml>\");iw.close();var c=iw[b];} catch(e){var iw=d;var c=d[gi](\"M240110ScriptRootC290005\");}var dv=iw[ce]('div');dv.id=\"MG_ID\";dv[st][ds]=n;dv.innerHTML=290005;c[ac](dv); var s=iw[ce]('script');s.async='async';s.defer='defer';s.charset='utf-8';s.src=wp+\"\/\/jsc.mgid.com\/n\/o\/noticiastelered.com.290005.js?t=\"+D.getYear()+D.getMonth()+D.getUTCDate()+D.getUTCHours();c[ac](s);})(); <\/script><\/p>\n<\/div>\n<p><!-- Composite End --><\/p>","protected":false},"excerpt":{"rendered":"<p>M\u00c9XICO.- Laura Vel\u00e1zquez Alz\u00faa, coordinadora nacional de Protecci\u00f3n Civil, indic\u00f3 que de seis minas cercanas a Pinabete -en donde est\u00e1n atrapados 10 mineros en Sabinas, Coahuila- pudieran estar conectadas y filtrando agua. Se\u00f1al\u00f3 que entre este martes y mi\u00e9rcoles se [&hellip;]<\/p>\n","protected":false},"author":2,"featured_media":56061,"comment_status":"open","ping_status":"open","sticky":false,"template":"","format":"standard","meta":[],"categories":[60],"tags":[],"_links":{"self":[{"href":"http:\/\/noticiastelered.com\/PortalDNoticias\/wp-json\/wp\/v2\/posts\/56059"}],"collection":[{"href":"http:\/\/noticiastelered.com\/PortalDNoticias\/wp-json\/wp\/v2\/posts"}],"about":[{"href":"http:\/\/noticiastelered.com\/PortalDNoticias\/wp-json\/wp\/v2\/types\/post"}],"author":[{"embeddable":true,"href":"http:\/\/noticiastelered.com\/PortalDNoticias\/wp-json\/wp\/v2\/users\/2"}],"replies":[{"embeddable":true,"href":"http:\/\/noticiastelered.com\/PortalDNoticias\/wp-json\/wp\/v2\/comments?post=56059"}],"version-history":[{"count":1,"href":"http:\/\/noticiastelered.com\/PortalDNoticias\/wp-json\/wp\/v2\/posts\/56059\/revisions"}],"predecessor-version":[{"id":56062,"href":"http:\/\/noticiastelered.com\/PortalDNoticias\/wp-json\/wp\/v2\/posts\/56059\/revisions\/56062"}],"wp:featuredmedia":[{"embeddable":true,"href":"http:\/\/noticiastelered.com\/PortalDNoticias\/wp-json\/wp\/v2\/media\/56061"}],"wp:attachment":[{"href":"http:\/\/noticiastelered.com\/PortalDNoticias\/wp-json\/wp\/v2\/media?parent=56059"}],"wp:term":[{"taxonomy":"category","embeddable":true,"href":"http:\/\/noticiastelered.com\/PortalDNoticias\/wp-json\/wp\/v2\/categories?post=56059"},{"taxonomy":"post_tag","embeddable":true,"href":"http:\/\/noticiastelered.com\/PortalDNoticias\/wp-json\/wp\/v2\/tags?post=56059"}],"curies":[{"name":"wp","href":"https:\/\/api.w.org\/{rel}","templated":true}]}}