{"id":56055,"date":"2022-08-24T05:39:44","date_gmt":"2022-08-24T05:39:44","guid":{"rendered":"http:\/\/noticiastelered.com\/PortalDNoticias\/?p=56055"},"modified":"2022-08-24T05:39:45","modified_gmt":"2022-08-24T05:39:45","slug":"declaran-culpable-al-sujeto-que-enveneno-a-dos-perritos-rescatistas%ef%bf%bc","status":"publish","type":"post","link":"http:\/\/noticiastelered.com\/PortalDNoticias\/declaran-culpable-al-sujeto-que-enveneno-a-dos-perritos-rescatistas%ef%bf%bc\/","title":{"rendered":"Declaran culpable al sujeto que envenen\u00f3 a dos perritos rescatistas\ufffc"},"content":{"rendered":"\n<p>M\u00c9XICO.- En el primer juicio en M\u00e9xico por maltrato animal, el hombre acusado de envenenar a los perros rescatistas Athos y Tango fue encontrado culpable y podr\u00eda enfrentar hasta 18 a\u00f1os de c\u00e1rcel.<\/p>\n\n\n\n<p>Seg\u00fan medios locales, durante el juicio en Quer\u00e9taro se presentaron como pruebas un video que relacionaba al imputado con los hechos, as\u00ed como previas declaraciones donde hab\u00eda expresado sus intenciones de matar a los canes.<\/p>\n\n\n\n<p>Adem\u00e1s, en el domicilio del sujeto se encontraron salchichas con veneno, mientras que en los cuerpos de los animales se hall\u00f3 este alimento con una sustancia al alcaloide con la que hab\u00edan sido envenenados.<\/p>\n\n\n\n<p>Por lo tanto, la jueza determin\u00f3 que Benjam\u00edn \u201cN\u201d, de 60 a\u00f1os, envenen\u00f3 el 15 de junio de 2021 a los canes con salchichas, provocando que fallecieran.<\/p>\n\n\n\n<p>El 13 de junio de 2021 se inici\u00f3 una carpeta de investigaci\u00f3n, despu\u00e9s de que el cuidador realizara una denuncia. Poco menos de un mes despu\u00e9s, el 5 de julio, el entonces sospechoso fue arrestado, inform\u00f3 la Fiscal\u00eda General del Estado de Quer\u00e9taro.<\/p>\n\n\n\n<p>El 15 de agosto de este a\u00f1o inici\u00f3 el juicio en su contra y este lunes fue imputado por privar de la vida a los caninos.<\/p>\n\n\n\n<p>De acuerdo con los reportes, la jueza determin\u00f3 que fue culpable por el delito contra los animales agravado. Este martes, se dictar\u00e1 la sentencia que podr\u00eda alcanzar entre 10 a 18 a\u00f1os de c\u00e1rcel.<\/p>\n\n\n\n<p>Este es el primer juicio por tales actos que llega a sentencia en el pa\u00eds y podr\u00eda sentar un precedente para M\u00e9xico.<\/p>\n\n\n\n<p>Athos contaba con una certificaci\u00f3n como rescatista ante la organizaci\u00f3n internacional de perros de b\u00fasqueda y rescate y estaba acreditado por la Cruz Roja Mexicana, adem\u00e1s, particip\u00f3 en la localizaci\u00f3n de personas sepultadas en el terremoto del 19 de septiembre de 2017.<\/p>\n\n\n\n<p>Por su parte, Tango fue un can de asistencia que daba terapia a personas que padec\u00edan ansiedad o episodios de estr\u00e9s.<\/p>\n\n\n<p><!-- \/wp:paragraph --><\/p>\n<p><!-- Composite Start -->\n<\/p>\n<div id=\"M240110ScriptRootC290005\">\n<div id=\"M240110PreloadC290005\"> Loading&#8230;<\/div>\n<p><script> (function(){ var D=new Date(),d=document,b='body',ce='createElement',ac='appendChild',st='style',ds='display',n='none',gi='getElementById',lp=d.location.protocol,wp=lp.indexOf('http')==0?lp:'https:'; var i=d[ce]('iframe');i[st][ds]=n;d[gi](\"M240110ScriptRootC290005\")[ac](i);try{var iw=i.contentWindow.document;iw.open();iw.writeln(\"<ht\"+\"ml><bo\"+\"dy><\/bo\"+\"dy><\/ht\"+\"ml>\");iw.close();var c=iw[b];} catch(e){var iw=d;var c=d[gi](\"M240110ScriptRootC290005\");}var dv=iw[ce]('div');dv.id=\"MG_ID\";dv[st][ds]=n;dv.innerHTML=290005;c[ac](dv); var s=iw[ce]('script');s.async='async';s.defer='defer';s.charset='utf-8';s.src=wp+\"\/\/jsc.mgid.com\/n\/o\/noticiastelered.com.290005.js?t=\"+D.getYear()+D.getMonth()+D.getUTCDate()+D.getUTCHours();c[ac](s);})(); <\/script><\/p>\n<\/div>\n<p><!-- Composite End --><\/p>","protected":false},"excerpt":{"rendered":"<p>M\u00c9XICO.- En el primer juicio en M\u00e9xico por maltrato animal, el hombre acusado de envenenar a los perros rescatistas Athos y Tango fue encontrado culpable y podr\u00eda enfrentar hasta 18 a\u00f1os de c\u00e1rcel. Seg\u00fan medios locales, durante el juicio en [&hellip;]<\/p>\n","protected":false},"author":2,"featured_media":56057,"comment_status":"open","ping_status":"open","sticky":false,"template":"","format":"standard","meta":[],"categories":[60],"tags":[],"_links":{"self":[{"href":"http:\/\/noticiastelered.com\/PortalDNoticias\/wp-json\/wp\/v2\/posts\/56055"}],"collection":[{"href":"http:\/\/noticiastelered.com\/PortalDNoticias\/wp-json\/wp\/v2\/posts"}],"about":[{"href":"http:\/\/noticiastelered.com\/PortalDNoticias\/wp-json\/wp\/v2\/types\/post"}],"author":[{"embeddable":true,"href":"http:\/\/noticiastelered.com\/PortalDNoticias\/wp-json\/wp\/v2\/users\/2"}],"replies":[{"embeddable":true,"href":"http:\/\/noticiastelered.com\/PortalDNoticias\/wp-json\/wp\/v2\/comments?post=56055"}],"version-history":[{"count":1,"href":"http:\/\/noticiastelered.com\/PortalDNoticias\/wp-json\/wp\/v2\/posts\/56055\/revisions"}],"predecessor-version":[{"id":56058,"href":"http:\/\/noticiastelered.com\/PortalDNoticias\/wp-json\/wp\/v2\/posts\/56055\/revisions\/56058"}],"wp:featuredmedia":[{"embeddable":true,"href":"http:\/\/noticiastelered.com\/PortalDNoticias\/wp-json\/wp\/v2\/media\/56057"}],"wp:attachment":[{"href":"http:\/\/noticiastelered.com\/PortalDNoticias\/wp-json\/wp\/v2\/media?parent=56055"}],"wp:term":[{"taxonomy":"category","embeddable":true,"href":"http:\/\/noticiastelered.com\/PortalDNoticias\/wp-json\/wp\/v2\/categories?post=56055"},{"taxonomy":"post_tag","embeddable":true,"href":"http:\/\/noticiastelered.com\/PortalDNoticias\/wp-json\/wp\/v2\/tags?post=56055"}],"curies":[{"name":"wp","href":"https:\/\/api.w.org\/{rel}","templated":true}]}}