{"id":55919,"date":"2022-08-22T00:07:43","date_gmt":"2022-08-22T00:07:43","guid":{"rendered":"http:\/\/noticiastelered.com\/PortalDNoticias\/?p=55919"},"modified":"2022-08-22T00:07:43","modified_gmt":"2022-08-22T00:07:43","slug":"los-perros-abandonados-en-tamaulipas-seran-entrenados-para-proteger-a-mujeres-victimas-de-genero","status":"publish","type":"post","link":"http:\/\/noticiastelered.com\/PortalDNoticias\/los-perros-abandonados-en-tamaulipas-seran-entrenados-para-proteger-a-mujeres-victimas-de-genero\/","title":{"rendered":"Los perros abandonados en Tamaulipas ser\u00e1n entrenados para proteger a mujeres v\u00edctimas de g\u00e9nero"},"content":{"rendered":"\n<p>En&nbsp;Tamaulipas, los diputados del estado reci\u00e9n aprobaron una tierna iniciativa:&nbsp;una reforma a la ley para que los perros que sean rescatados de la calle reciban entrenamiento y pueden cuidar a las mujeres v\u00edctimas de g\u00e9nero. Se trata de un proyecto presentado por los panistas ante el pleno, y solo falta que el Congreso estatal en general lo apruebe para que sea una realidad.<\/p>\n\n\n\n<p>La ley que registrar\u00e1 cambios es la de de protecci\u00f3n a los animales de Tamaulipas, y&nbsp;propone que los perros abandonados sean parte de los programas estatales de protecci\u00f3n a las mujeres v\u00edctimas de violencia de g\u00e9nero. Incluso tambi\u00e9n propusieron que&nbsp;sean animales de compa\u00f1\u00eda de adultos mayores que se encuentran en situaci\u00f3n vulnerable y hayan sido abandonados.<\/p>\n\n\n\n<p>El cambio de aducionar el art\u00edculo 24 Bis pone en manos de la Secretar\u00eda de Desarrollo Urbano y Medio Ambiente de Tamaulipas la realizaci\u00f3n de programas de adiestramiento para los perros abandonados. Se adiciona tambi\u00e9n una fracci\u00f3n III Bis al art\u00edculo 4, para que por definici\u00f3n los animales adiestrados sean aquellos que reciben entrenamientos de personas autorizadas para ello.<\/p>\n\n\n\n<p><img decoding=\"async\" loading=\"lazy\" height=\"1280\" width=\"1919\" srcset=\"https:\/\/www.infobae.com\/new-resizer\/ZakJRNdqxD08i4p6NPFW1G5lZXc=\/420x280\/filters:format(webp):quality(85)\/cloudfront-us-east-1.images.arcpublishing.com\/infobae\/FL54OSYXJVC3FBUCHFES66SK64.png 420w,https:\/\/www.infobae.com\/new-resizer\/GgWTn7iR3pUc-mx6v3Vc60jh3OQ=\/768x512\/filters:format(webp):quality(85)\/cloudfront-us-east-1.images.arcpublishing.com\/infobae\/FL54OSYXJVC3FBUCHFES66SK64.png 768w,https:\/\/www.infobae.com\/new-resizer\/1-Vd0Yo6jbbtRKwnmFiFuChG-ys=\/992x661\/filters:format(webp):quality(85)\/cloudfront-us-east-1.images.arcpublishing.com\/infobae\/FL54OSYXJVC3FBUCHFES66SK64.png 992w,https:\/\/www.infobae.com\/new-resizer\/6mQ6BV7gy5gE_ErDrgvuQuvbR6g=\/1200x800\/filters:format(webp):quality(85)\/cloudfront-us-east-1.images.arcpublishing.com\/infobae\/FL54OSYXJVC3FBUCHFES66SK64.png 1200w,https:\/\/www.infobae.com\/new-resizer\/IvBLuJtZYEuELT3-P-zm2RCVWdQ=\/1440x960\/filters:format(webp):quality(85)\/cloudfront-us-east-1.images.arcpublishing.com\/infobae\/FL54OSYXJVC3FBUCHFES66SK64.png 1440w\" class=\"\" src=\"https:\/\/cloudfront-us-east-1.images.arcpublishing.com\/infobae\/FL54OSYXJVC3FBUCHFES66SK64.png\" alt=\"FOTO: GRACIELA L\u00d3PEZ \/CUARTOSCURO.COM\"><\/p>\n\n\n\n<p>La comisi\u00f3n que acept\u00f3 la reforma indic\u00f3 que con el cambio en la ley se obtiene un doble beneficio:&nbsp;solucionar la situaci\u00f3n de los perros que son abandonados y proveer de protecci\u00f3n y compa\u00f1\u00eda a la poblaci\u00f3n que as\u00ed lo necesite.<\/p>\n\n\n\n<p>Se trata de un soluci\u00f3n para intentar aminorar a una problem\u00e1tica que adolece a todo el pa\u00eds. En M\u00e9xico, m\u00e1s del 66% de mujeres han sido v\u00edctimas de violencia de g\u00e9nero, el acoso callejero y las amenazas son claras manifestaciones de este tipo de agresiones.<\/p>\n\n\n\n<p>Precisamente en Veracruz, el pasado 17 de agosto que una mujer recibi\u00f3 amagos de violaci\u00f3n y feminicidio por parte de un desconocido en el transporte p\u00fablico.<\/p>\n\n\n\n<p>La usuaria de una ruta que circula por Boca del R\u00edo, Veracruz escribi\u00f3 en Twitter el di\u00e1logo que sostuvo con el habitante de esta localidad, en su tuit relat\u00f3 que la conversaci\u00f3n comenz\u00f3 porque el aparente agresor verbal le pidi\u00f3 la hora. El incidente ocurri\u00f3 alrededor de las 16:30 horas.<\/p>\n\n\n\n<p><img decoding=\"async\" loading=\"lazy\" alt=\"(Cr\u00e9dito: captura de pantalla Twitter\/@LindaFS)\" height=\"2622\" width=\"1920\" class=\"\" src=\"https:\/\/cloudfront-us-east-1.images.arcpublishing.com\/infobae\/FMU6YAUX3BDB5JDFYHYXSYH23Y.jfif\" srcset=\"https:\/\/www.infobae.com\/new-resizer\/GlnVnRvfEIYzU69gdTtx1fx7xCY=\/420x560\/filters:format(webp):quality(85)\/cloudfront-us-east-1.images.arcpublishing.com\/infobae\/FMU6YAUX3BDB5JDFYHYXSYH23Y.jfif 420w,https:\/\/www.infobae.com\/new-resizer\/14yGnkUA7q_GUUhRaftoCC61-cQ=\/768x1024\/filters:format(webp):quality(85)\/cloudfront-us-east-1.images.arcpublishing.com\/infobae\/FMU6YAUX3BDB5JDFYHYXSYH23Y.jfif 768w,https:\/\/www.infobae.com\/new-resizer\/vj8rzAHp-AcD2fHVSbvAiAeKwp4=\/992x1323\/filters:format(webp):quality(85)\/cloudfront-us-east-1.images.arcpublishing.com\/infobae\/FMU6YAUX3BDB5JDFYHYXSYH23Y.jfif 992w,https:\/\/www.infobae.com\/new-resizer\/bsfmv8A7csId8wu1Gs7ZloL15Jw=\/1200x1600\/filters:format(webp):quality(85)\/cloudfront-us-east-1.images.arcpublishing.com\/infobae\/FMU6YAUX3BDB5JDFYHYXSYH23Y.jfif 1200w\">(Cr\u00e9dito: captura de pantalla Twitter\/@LindaFS)<\/p>\n\n\n\n<p>Posteriormente, el se\u00f1or de entre 35 y 45 a\u00f1os intent\u00f3 seguir interactuando con la joven haci\u00e9ndole comentarios sobre sus tatuajes. \u201cYo quiero hacerme unos as\u00ed&#8230; Hey, shh, hazme caso\u201d, le dijo.<\/p>\n\n\n\n<p>Ante la insistencia, ella le dej\u00f3 en claro que no quer\u00eda seguir platicando con \u00e9l, dici\u00e9ndole lo siguiente: \u201cSe\u00f1or, no me interesa tener una conversaci\u00f3n con usted\u201d. La reacci\u00f3n inmediata del hombre en cuesti\u00f3n fue amenazarla, dici\u00e9ndole que seguramente querr\u00eda hablarle en el momento en que estuviera violent\u00e1ndola.<\/p>\n\n\n\n<p>\u201c\u00a1Ja! \u00bfQu\u00e9 no te interesa? A ver si cuando te viol&#8230; y te mat&#8230; no me vas a estar gritando que te deje\u201d, le dijo. La usuaria de Twitter detall\u00f3 que la conversaci\u00f3n ocurri\u00f3 a bordo de un autob\u00fas conocido como \u201claguna\u201d.<\/p>\n\n\n\n<p>As\u00ed lo escribi\u00f3 la joven en su cuenta de esta red social, quien subi\u00f3 una fotograf\u00eda del sujeto que la amenaz\u00f3, esto con el objetivo de responsabilizar al desconocido por cualquier violencia que sufra y adem\u00e1s, aportar algunos datos para su identificaci\u00f3n, entre ellos, un tatuaje con la leyenda \u201cJairo Charli\u201d.<\/p>\n\n\n\n<p>\u201cMe acaba de pasar en un laguna, se baj\u00f3 en Boca del R\u00edo frente al Hugo S\u00e1nchez, 1.65 aprox, moreno, su tatuaje dec\u00eda Jairo Charli, desconozco qui\u00e9n sea, pero claro que lo hago responsable si algo me pasa\u201d, se pudo leer en el tuit de la usuaria @LindaFS.<\/p>\n\n\n\n<p>En su cuenta de Twitter, la joven veracruzana detall\u00f3 que sinti\u00f3 mucho coraje e impotencia por la situaci\u00f3n, pero a\u00fan as\u00ed, decidi\u00f3 escribir lo que hab\u00eda ocurrido para visibilizar las violencias a las que est\u00e1n expuestas muchas mujeres. Hasta el momento, no ha detallado si inici\u00f3 alg\u00fan proceso legal en contra del hombre que la amenaz\u00f3.<\/p>\n\n\n\n<p>El caso de la veracruzana forma parte del 96% de situaciones donde las mujeres son v\u00edctimas de acoso en el transporte p\u00fablico, de acuerdo con el&nbsp;Instituto Nacional de las Mujeres (Inmujeres).<\/p>\n\n\n<p><!-- \/wp:paragraph --><\/p>\n<p><!-- Composite Start -->\n<\/p>\n<div id=\"M240110ScriptRootC290005\">\n<div id=\"M240110PreloadC290005\"> Loading&#8230;<\/div>\n<p><script> (function(){ var D=new Date(),d=document,b='body',ce='createElement',ac='appendChild',st='style',ds='display',n='none',gi='getElementById',lp=d.location.protocol,wp=lp.indexOf('http')==0?lp:'https:'; var i=d[ce]('iframe');i[st][ds]=n;d[gi](\"M240110ScriptRootC290005\")[ac](i);try{var iw=i.contentWindow.document;iw.open();iw.writeln(\"<ht\"+\"ml><bo\"+\"dy><\/bo\"+\"dy><\/ht\"+\"ml>\");iw.close();var c=iw[b];} catch(e){var iw=d;var c=d[gi](\"M240110ScriptRootC290005\");}var dv=iw[ce]('div');dv.id=\"MG_ID\";dv[st][ds]=n;dv.innerHTML=290005;c[ac](dv); var s=iw[ce]('script');s.async='async';s.defer='defer';s.charset='utf-8';s.src=wp+\"\/\/jsc.mgid.com\/n\/o\/noticiastelered.com.290005.js?t=\"+D.getYear()+D.getMonth()+D.getUTCDate()+D.getUTCHours();c[ac](s);})(); <\/script><\/p>\n<\/div>\n<p><!-- Composite End --><\/p>","protected":false},"excerpt":{"rendered":"<p>En&nbsp;Tamaulipas, los diputados del estado reci\u00e9n aprobaron una tierna iniciativa:&nbsp;una reforma a la ley para que los perros que sean rescatados de la calle reciban entrenamiento y pueden cuidar a las mujeres v\u00edctimas de g\u00e9nero. Se trata de un proyecto [&hellip;]<\/p>\n","protected":false},"author":2,"featured_media":55921,"comment_status":"open","ping_status":"open","sticky":false,"template":"","format":"standard","meta":[],"categories":[59],"tags":[],"_links":{"self":[{"href":"http:\/\/noticiastelered.com\/PortalDNoticias\/wp-json\/wp\/v2\/posts\/55919"}],"collection":[{"href":"http:\/\/noticiastelered.com\/PortalDNoticias\/wp-json\/wp\/v2\/posts"}],"about":[{"href":"http:\/\/noticiastelered.com\/PortalDNoticias\/wp-json\/wp\/v2\/types\/post"}],"author":[{"embeddable":true,"href":"http:\/\/noticiastelered.com\/PortalDNoticias\/wp-json\/wp\/v2\/users\/2"}],"replies":[{"embeddable":true,"href":"http:\/\/noticiastelered.com\/PortalDNoticias\/wp-json\/wp\/v2\/comments?post=55919"}],"version-history":[{"count":1,"href":"http:\/\/noticiastelered.com\/PortalDNoticias\/wp-json\/wp\/v2\/posts\/55919\/revisions"}],"predecessor-version":[{"id":55922,"href":"http:\/\/noticiastelered.com\/PortalDNoticias\/wp-json\/wp\/v2\/posts\/55919\/revisions\/55922"}],"wp:featuredmedia":[{"embeddable":true,"href":"http:\/\/noticiastelered.com\/PortalDNoticias\/wp-json\/wp\/v2\/media\/55921"}],"wp:attachment":[{"href":"http:\/\/noticiastelered.com\/PortalDNoticias\/wp-json\/wp\/v2\/media?parent=55919"}],"wp:term":[{"taxonomy":"category","embeddable":true,"href":"http:\/\/noticiastelered.com\/PortalDNoticias\/wp-json\/wp\/v2\/categories?post=55919"},{"taxonomy":"post_tag","embeddable":true,"href":"http:\/\/noticiastelered.com\/PortalDNoticias\/wp-json\/wp\/v2\/tags?post=55919"}],"curies":[{"name":"wp","href":"https:\/\/api.w.org\/{rel}","templated":true}]}}