{"id":55915,"date":"2022-08-22T00:04:14","date_gmt":"2022-08-22T00:04:14","guid":{"rendered":"http:\/\/noticiastelered.com\/PortalDNoticias\/?p=55915"},"modified":"2022-08-22T00:04:15","modified_gmt":"2022-08-22T00:04:15","slug":"cndh-anuncia-que-seguira-de-cerca-el-caso-ayotzinapa%ef%bf%bc","status":"publish","type":"post","link":"http:\/\/noticiastelered.com\/PortalDNoticias\/cndh-anuncia-que-seguira-de-cerca-el-caso-ayotzinapa%ef%bf%bc\/","title":{"rendered":"CNDH anuncia que seguir\u00e1 de cerca el caso Ayotzinapa\ufffc"},"content":{"rendered":"\n<p>La Comisi\u00f3n Nacional de Derechos Humanos (CNDH) expres\u00f3 su solidaridad con los familiares de los 43 normalistas desaparecidos de la Escuela Normal Rural \u201cRa\u00fal Isidro Burgos\u201d, v\u00edctimas de los hechos ocurridos entre el 26 y 27 de septiembre de 2014 en Iguala.<\/p>\n\n\n\n<p>\u201cManifestamos nuestra solidaridad con las madres y padres de los 43 #Normalistas y nuestro compromiso para coadyuvar con el avance en las investigaciones del caso #Ayotzinapa hasta que haya justicia\u201d, compartieron en Twitter, junto a un comunicado.<\/p>\n\n\n\n<p>La CNDH refrend\u00f3 su compromiso de acompa\u00f1ar a los familiares \u201chasta asegurar el pleno acceso a la verdad y a la justicia que desde hace ocho a\u00f1os reclaman\u201d.<\/p>\n\n\n\n<p>\u201cManifestamos nuestra solidaridad con las madres y padres de los 43 #Normalistas y nuestro compromiso para coadyuvar con el avance en las investigaciones del caso #Ayotzinapa hasta que haya justicia\u201d, compartieron en Twitter, junto a un comunicado.<\/p>\n\n\n\n<p>La CNDH refrend\u00f3 su compromiso de acompa\u00f1ar a los familiares \u201chasta asegurar el pleno acceso a la verdad y a la justicia que desde hace ocho a\u00f1os reclaman\u201d.<\/p>\n\n\n\n<p>Dicho informe acredit\u00f3, a su vez, que los dict\u00e1menes del personal de la CNDH en su momento se realizaron sin acudir al lugar de los hechos; que la aplicaci\u00f3n de los protocolos de Estambul present\u00f3 deficiencias que impidieron la documentaci\u00f3n de pr\u00e1cticas de tortura a los detenidos; que la extinta Oficina Especial para el Caso Iguala no actu\u00f3 bajo una l\u00f3gica de documentaci\u00f3n de violaciones a derechos humanos y que el trabajo de dicha oficina se hizo bajo absoluta secrec\u00eda, \u201ca tal grado que las personas que participaron en las diversas diligencias desconoc\u00edan lo que el resto del personal realizaba en torno al caso\u201d.<\/p>\n\n\n\n<p>\u201cEs por todo lo anterior, que esta Comisi\u00f3n Nacional suspendi\u00f3, en acuerdo con las madres y padres de los 43 normalistas, la Oficina Especial para el Caso Iguala, y someti\u00f3 a revisi\u00f3n la Recomendaci\u00f3n 15VG\/2018; pero contin\u00faa trabajando ahora, bajo una nueva l\u00f3gica y compromiso, para garantizarles el acceso a la verdad y a la justicia\u201d, reza el comunicado.<\/p>\n\n\n\n<p>Entre las acciones pendientes para continuar la investigaci\u00f3n, la CNDH se\u00f1ala investigar a personal de la Presidencia de la Rep\u00fablica y de la Secretar\u00eda de Gobernaci\u00f3n que conoci\u00f3 los hechos justo despu\u00e9s del primer ataque a los normalistas, as\u00ed como ahondar sobre los nexos entre la delincuencia organizada y las fuerzas armadas, autoridades federales y autoridades estatales del estado de Guerrero.<\/p>\n\n\n<p><!-- \/wp:paragraph --><\/p>\n<p><!-- Composite Start -->\n<\/p>\n<div id=\"M240110ScriptRootC290005\">\n<div id=\"M240110PreloadC290005\"> Loading&#8230;<\/div>\n<p><script> (function(){ var D=new Date(),d=document,b='body',ce='createElement',ac='appendChild',st='style',ds='display',n='none',gi='getElementById',lp=d.location.protocol,wp=lp.indexOf('http')==0?lp:'https:'; var i=d[ce]('iframe');i[st][ds]=n;d[gi](\"M240110ScriptRootC290005\")[ac](i);try{var iw=i.contentWindow.document;iw.open();iw.writeln(\"<ht\"+\"ml><bo\"+\"dy><\/bo\"+\"dy><\/ht\"+\"ml>\");iw.close();var c=iw[b];} catch(e){var iw=d;var c=d[gi](\"M240110ScriptRootC290005\");}var dv=iw[ce]('div');dv.id=\"MG_ID\";dv[st][ds]=n;dv.innerHTML=290005;c[ac](dv); var s=iw[ce]('script');s.async='async';s.defer='defer';s.charset='utf-8';s.src=wp+\"\/\/jsc.mgid.com\/n\/o\/noticiastelered.com.290005.js?t=\"+D.getYear()+D.getMonth()+D.getUTCDate()+D.getUTCHours();c[ac](s);})(); <\/script><\/p>\n<\/div>\n<p><!-- Composite End --><\/p>","protected":false},"excerpt":{"rendered":"<p>La Comisi\u00f3n Nacional de Derechos Humanos (CNDH) expres\u00f3 su solidaridad con los familiares de los 43 normalistas desaparecidos de la Escuela Normal Rural \u201cRa\u00fal Isidro Burgos\u201d, v\u00edctimas de los hechos ocurridos entre el 26 y 27 de septiembre de 2014 [&hellip;]<\/p>\n","protected":false},"author":2,"featured_media":55917,"comment_status":"open","ping_status":"open","sticky":false,"template":"","format":"standard","meta":[],"categories":[60],"tags":[],"_links":{"self":[{"href":"http:\/\/noticiastelered.com\/PortalDNoticias\/wp-json\/wp\/v2\/posts\/55915"}],"collection":[{"href":"http:\/\/noticiastelered.com\/PortalDNoticias\/wp-json\/wp\/v2\/posts"}],"about":[{"href":"http:\/\/noticiastelered.com\/PortalDNoticias\/wp-json\/wp\/v2\/types\/post"}],"author":[{"embeddable":true,"href":"http:\/\/noticiastelered.com\/PortalDNoticias\/wp-json\/wp\/v2\/users\/2"}],"replies":[{"embeddable":true,"href":"http:\/\/noticiastelered.com\/PortalDNoticias\/wp-json\/wp\/v2\/comments?post=55915"}],"version-history":[{"count":1,"href":"http:\/\/noticiastelered.com\/PortalDNoticias\/wp-json\/wp\/v2\/posts\/55915\/revisions"}],"predecessor-version":[{"id":55918,"href":"http:\/\/noticiastelered.com\/PortalDNoticias\/wp-json\/wp\/v2\/posts\/55915\/revisions\/55918"}],"wp:featuredmedia":[{"embeddable":true,"href":"http:\/\/noticiastelered.com\/PortalDNoticias\/wp-json\/wp\/v2\/media\/55917"}],"wp:attachment":[{"href":"http:\/\/noticiastelered.com\/PortalDNoticias\/wp-json\/wp\/v2\/media?parent=55915"}],"wp:term":[{"taxonomy":"category","embeddable":true,"href":"http:\/\/noticiastelered.com\/PortalDNoticias\/wp-json\/wp\/v2\/categories?post=55915"},{"taxonomy":"post_tag","embeddable":true,"href":"http:\/\/noticiastelered.com\/PortalDNoticias\/wp-json\/wp\/v2\/tags?post=55915"}],"curies":[{"name":"wp","href":"https:\/\/api.w.org\/{rel}","templated":true}]}}