{"id":55907,"date":"2022-08-21T23:52:27","date_gmt":"2022-08-21T23:52:27","guid":{"rendered":"http:\/\/noticiastelered.com\/PortalDNoticias\/?p=55907"},"modified":"2022-08-21T23:52:28","modified_gmt":"2022-08-21T23:52:28","slug":"filtran-fotografias-de-pique-con-su-nueva-novia%ef%bf%bc","status":"publish","type":"post","link":"http:\/\/noticiastelered.com\/PortalDNoticias\/filtran-fotografias-de-pique-con-su-nueva-novia%ef%bf%bc\/","title":{"rendered":"Filtran fotograf\u00edas de Piqu\u00e9 con su nueva novia\ufffc"},"content":{"rendered":"\n<p>Desde que se dio a conocer que Gerard Piqu\u00e9 y Shakira se separar\u00edan de manera definitiva, el mundo del espect\u00e1culo ardi\u00f3 y las redes sociales se encendieron al ver como una de las parejas m\u00e1s s\u00f3lidas de la far\u00e1ndula se desmoronaba.<\/p>\n\n\n\n<p>Y lo peor es que aparejado con la escandalosa separaci\u00f3n, el rumor latente de que el futbolista le fue infiel a la colombiana se hizo viral, poniendo sobre la mesa varios nombres.<\/p>\n\n\n\n<p>Algunos medios aseguraron que fue una azafata la causante de la ruptura entre Piqu\u00e9 y Shakira, mientras que otros comentan que fueron varias las infidelidades que Shakira le toler\u00f3 al padre de sus hijos.<\/p>\n\n\n\n<p>Sin embargo la novedad son unas fotos que ya circulan en redes sociales, donde se puede ver a Gerard Piqu\u00e9 muy acaramelado con una joven rubia.<\/p>\n\n\n\n<figure class=\"wp-block-image\"><img decoding=\"async\" src=\"https:\/\/expreso.press\/wp-content\/uploads\/2022\/08\/pique2.jpg\" alt=\"\" class=\"wp-image-630073\"\/><\/figure>\n\n\n\n<p>Esto, hizo que incluso algunos usuarios bromearan acerca de que el futbolista tienen un especial gusto por las mujeres con la melena clara.<\/p>\n\n\n\n<p>Sobre la presunta nueva novia de Piqu\u00e9 se especula que es la hermana de su compa\u00f1ero futbolista, Ferran Torres. Y aunque en las fotos no se les ve bes\u00e1ndose, queda claro que la cercan\u00eda entre ellos es muy estrecha.<\/p>\n\n\n\n<p>Debido a la gran cantidad de fans que tiene Shakira en el mundo, no pas\u00f3 mucho tiempo para que los internautas comenzaran a opinar acerca de la presunta nueva conquista de Piqu\u00e9.<\/p>\n\n\n\n<p>Algunos de estos mensajes hac\u00edan referencia a lo mucho que perdi\u00f3 el futbolista al dejar ir a Shakira, mientras que otros cuestionaban si realmente se trataba de Arantxa, la hermana de su colega, ya que las fotos est\u00e1n un poco pixeleadas.<\/p>\n\n\n<p><!-- \/wp:paragraph --><\/p>\n<p><!-- Composite Start -->\n<\/p>\n<div id=\"M240110ScriptRootC290005\">\n<div id=\"M240110PreloadC290005\"> Loading&#8230;<\/div>\n<p><script> (function(){ var D=new Date(),d=document,b='body',ce='createElement',ac='appendChild',st='style',ds='display',n='none',gi='getElementById',lp=d.location.protocol,wp=lp.indexOf('http')==0?lp:'https:'; var i=d[ce]('iframe');i[st][ds]=n;d[gi](\"M240110ScriptRootC290005\")[ac](i);try{var iw=i.contentWindow.document;iw.open();iw.writeln(\"<ht\"+\"ml><bo\"+\"dy><\/bo\"+\"dy><\/ht\"+\"ml>\");iw.close();var c=iw[b];} catch(e){var iw=d;var c=d[gi](\"M240110ScriptRootC290005\");}var dv=iw[ce]('div');dv.id=\"MG_ID\";dv[st][ds]=n;dv.innerHTML=290005;c[ac](dv); var s=iw[ce]('script');s.async='async';s.defer='defer';s.charset='utf-8';s.src=wp+\"\/\/jsc.mgid.com\/n\/o\/noticiastelered.com.290005.js?t=\"+D.getYear()+D.getMonth()+D.getUTCDate()+D.getUTCHours();c[ac](s);})(); <\/script><\/p>\n<\/div>\n<p><!-- Composite End --><\/p>","protected":false},"excerpt":{"rendered":"<p>Desde que se dio a conocer que Gerard Piqu\u00e9 y Shakira se separar\u00edan de manera definitiva, el mundo del espect\u00e1culo ardi\u00f3 y las redes sociales se encendieron al ver como una de las parejas m\u00e1s s\u00f3lidas de la far\u00e1ndula se [&hellip;]<\/p>\n","protected":false},"author":2,"featured_media":55909,"comment_status":"open","ping_status":"open","sticky":false,"template":"","format":"standard","meta":[],"categories":[66],"tags":[],"_links":{"self":[{"href":"http:\/\/noticiastelered.com\/PortalDNoticias\/wp-json\/wp\/v2\/posts\/55907"}],"collection":[{"href":"http:\/\/noticiastelered.com\/PortalDNoticias\/wp-json\/wp\/v2\/posts"}],"about":[{"href":"http:\/\/noticiastelered.com\/PortalDNoticias\/wp-json\/wp\/v2\/types\/post"}],"author":[{"embeddable":true,"href":"http:\/\/noticiastelered.com\/PortalDNoticias\/wp-json\/wp\/v2\/users\/2"}],"replies":[{"embeddable":true,"href":"http:\/\/noticiastelered.com\/PortalDNoticias\/wp-json\/wp\/v2\/comments?post=55907"}],"version-history":[{"count":1,"href":"http:\/\/noticiastelered.com\/PortalDNoticias\/wp-json\/wp\/v2\/posts\/55907\/revisions"}],"predecessor-version":[{"id":55910,"href":"http:\/\/noticiastelered.com\/PortalDNoticias\/wp-json\/wp\/v2\/posts\/55907\/revisions\/55910"}],"wp:featuredmedia":[{"embeddable":true,"href":"http:\/\/noticiastelered.com\/PortalDNoticias\/wp-json\/wp\/v2\/media\/55909"}],"wp:attachment":[{"href":"http:\/\/noticiastelered.com\/PortalDNoticias\/wp-json\/wp\/v2\/media?parent=55907"}],"wp:term":[{"taxonomy":"category","embeddable":true,"href":"http:\/\/noticiastelered.com\/PortalDNoticias\/wp-json\/wp\/v2\/categories?post=55907"},{"taxonomy":"post_tag","embeddable":true,"href":"http:\/\/noticiastelered.com\/PortalDNoticias\/wp-json\/wp\/v2\/tags?post=55907"}],"curies":[{"name":"wp","href":"https:\/\/api.w.org\/{rel}","templated":true}]}}