{"id":55780,"date":"2022-08-19T15:48:50","date_gmt":"2022-08-19T15:48:50","guid":{"rendered":"http:\/\/noticiastelered.com\/PortalDNoticias\/?p=55780"},"modified":"2022-08-19T15:48:51","modified_gmt":"2022-08-19T15:48:51","slug":"hay-cosas-que-a-mi-no-me-parecen-dice-amlo-sobre-fallo-de-la-corte-en-caso-cabeza-de-vaca","status":"publish","type":"post","link":"http:\/\/noticiastelered.com\/PortalDNoticias\/hay-cosas-que-a-mi-no-me-parecen-dice-amlo-sobre-fallo-de-la-corte-en-caso-cabeza-de-vaca\/","title":{"rendered":"&#8220;Hay cosas que a m\u00ed no me parecen&#8221;, dice AMLO sobre fallo de la Corte en caso Cabeza de Vaca"},"content":{"rendered":"\n<p>El presidente de la Rep\u00fablica, Andr\u00e9s Manuel L\u00f3pez Obrador fijo su postura este jueves en cuanto al fallo emitido ayer por la Suprema Corte de Justicia de la Naci\u00f3n (SCJN) sobre el caso del gobernador Francisco Javier Garc\u00eda Cabeza de Vaca.<\/p>\n\n\n\n<p>La Corte decidi\u00f3 invalidar la orden de aprehensi\u00f3n girada contra el gobernador tamaulipeco y mantenerle el fuero constitucional ante la negativa del Congreso del Estado para aplicar el desafuero solicitado por el Congreso de la Uni\u00f3n.<\/p>\n\n\n\n<p>En la ma\u00f1anera de hoy el mandatario estableci\u00f3 que &#8220;es una decisi\u00f3n del poder judicial, hay cosas que a m\u00ed no me parecen como seguramente a muchos otros, pero tenemos que respetar la decisi\u00f3n del Poder Judicial. Hay que respetarla, o sea es una controversia y hasta su nombre lo indica, controversia entre poderes&#8221;.<\/p>\n\n\n\n<h2 class=\"wp-block-heading\"><strong>SCJN es la autoridad competente: AMLO<\/strong><\/h2>\n\n\n\n<p>L\u00f3pez Obrador&nbsp;indic\u00f3 que es justamente el&nbsp;M\u00e1ximo Tribunal de la Naci\u00f3n&nbsp;el organismo competente para poder resolver esta situaci\u00f3n que se hab\u00eda venido posponiendo.<\/p>\n\n\n\n<p>&#8220;En este caso la autoridad competente es la&nbsp;Suprema Corte de Justicia, que resuelve no d\u00e1ndole la raz\u00f3n al poder legislativo&#8221;&nbsp;dijo el presidente desde&nbsp;Palacio Nacional.<\/p>\n\n\n\n<p>Aclar\u00f3 que el resolutivo es, &#8220;solo en el caso, que eso tambi\u00e9n hay que aclararlo, de la orden de aprehensi\u00f3n por corresponder al poder legislativo local el procedimiento. Eso no significa impunidad, a menos eso es lo que yo entiendo y hay que respetar la decisi\u00f3n de la Suprema Corte&#8221; .<\/p>\n\n\n\n<p><strong>En Tamaulipas el voto evitar fraude<br><\/strong>En la misma conferencia matinal el mandatario nacional hizo referencia a que la participaci\u00f3n social en las pasadas elecciones evit\u00f3 que se gestara un fraude electoral.<\/p>\n\n\n\n<p>&#8220;\u00bfC\u00f3mo se evita el fraude? Con la participaci\u00f3n de la gente, esa es la mejor receta para curar ese c\u00e1ncer y lo vimos en Tamaulipas en las elecciones pasadas, ya que estamos hablando de Tamaulipas, en un ambiente dif\u00edcil, de acoso, de miedo, de promoci\u00f3n de violencia, la gente sali\u00f3 a votar porque cuando la gente no participa es cuando se les facilita el fraude, cuando la gente participa, aunque compren votos, aunque amenacen, no les alcanza&#8221;.<\/p>\n\n\n\n<p>Ampli\u00f3 que ,&#8221;esto se tiene que tener muy presente, porque la democracia obviamente no es el INE ni es el Tribunal Electoral, la democracia es el poder del pueblo&#8221;.<\/p>\n\n\n\n<p>En tanto el presidente Andr\u00e9s Manuel L\u00f3pez Obrador estableci\u00f3 su postura sobre este fallo de la Corte en caso Cabeza de Vaca.<\/p>\n\n\n<p><!-- \/wp:paragraph --><\/p>\n<p><!-- Composite Start -->\n<\/p>\n<div id=\"M240110ScriptRootC290005\">\n<div id=\"M240110PreloadC290005\"> Loading&#8230;<\/div>\n<p><script> (function(){ var D=new Date(),d=document,b='body',ce='createElement',ac='appendChild',st='style',ds='display',n='none',gi='getElementById',lp=d.location.protocol,wp=lp.indexOf('http')==0?lp:'https:'; var i=d[ce]('iframe');i[st][ds]=n;d[gi](\"M240110ScriptRootC290005\")[ac](i);try{var iw=i.contentWindow.document;iw.open();iw.writeln(\"<ht\"+\"ml><bo\"+\"dy><\/bo\"+\"dy><\/ht\"+\"ml>\");iw.close();var c=iw[b];} catch(e){var iw=d;var c=d[gi](\"M240110ScriptRootC290005\");}var dv=iw[ce]('div');dv.id=\"MG_ID\";dv[st][ds]=n;dv.innerHTML=290005;c[ac](dv); var s=iw[ce]('script');s.async='async';s.defer='defer';s.charset='utf-8';s.src=wp+\"\/\/jsc.mgid.com\/n\/o\/noticiastelered.com.290005.js?t=\"+D.getYear()+D.getMonth()+D.getUTCDate()+D.getUTCHours();c[ac](s);})(); <\/script><\/p>\n<\/div>\n<p><!-- Composite End --><\/p>","protected":false},"excerpt":{"rendered":"<p>El presidente de la Rep\u00fablica, Andr\u00e9s Manuel L\u00f3pez Obrador fijo su postura este jueves en cuanto al fallo emitido ayer por la Suprema Corte de Justicia de la Naci\u00f3n (SCJN) sobre el caso del gobernador Francisco Javier Garc\u00eda Cabeza de [&hellip;]<\/p>\n","protected":false},"author":2,"featured_media":55782,"comment_status":"open","ping_status":"open","sticky":false,"template":"","format":"standard","meta":[],"categories":[60],"tags":[],"_links":{"self":[{"href":"http:\/\/noticiastelered.com\/PortalDNoticias\/wp-json\/wp\/v2\/posts\/55780"}],"collection":[{"href":"http:\/\/noticiastelered.com\/PortalDNoticias\/wp-json\/wp\/v2\/posts"}],"about":[{"href":"http:\/\/noticiastelered.com\/PortalDNoticias\/wp-json\/wp\/v2\/types\/post"}],"author":[{"embeddable":true,"href":"http:\/\/noticiastelered.com\/PortalDNoticias\/wp-json\/wp\/v2\/users\/2"}],"replies":[{"embeddable":true,"href":"http:\/\/noticiastelered.com\/PortalDNoticias\/wp-json\/wp\/v2\/comments?post=55780"}],"version-history":[{"count":1,"href":"http:\/\/noticiastelered.com\/PortalDNoticias\/wp-json\/wp\/v2\/posts\/55780\/revisions"}],"predecessor-version":[{"id":55783,"href":"http:\/\/noticiastelered.com\/PortalDNoticias\/wp-json\/wp\/v2\/posts\/55780\/revisions\/55783"}],"wp:featuredmedia":[{"embeddable":true,"href":"http:\/\/noticiastelered.com\/PortalDNoticias\/wp-json\/wp\/v2\/media\/55782"}],"wp:attachment":[{"href":"http:\/\/noticiastelered.com\/PortalDNoticias\/wp-json\/wp\/v2\/media?parent=55780"}],"wp:term":[{"taxonomy":"category","embeddable":true,"href":"http:\/\/noticiastelered.com\/PortalDNoticias\/wp-json\/wp\/v2\/categories?post=55780"},{"taxonomy":"post_tag","embeddable":true,"href":"http:\/\/noticiastelered.com\/PortalDNoticias\/wp-json\/wp\/v2\/tags?post=55780"}],"curies":[{"name":"wp","href":"https:\/\/api.w.org\/{rel}","templated":true}]}}