{"id":5521,"date":"2020-06-10T16:53:01","date_gmt":"2020-06-10T16:53:01","guid":{"rendered":"http:\/\/noticiastelered.com\/PortalDNoticias\/?p=5521"},"modified":"2020-06-10T16:53:03","modified_gmt":"2020-06-10T16:53:03","slug":"soy-tam","status":"publish","type":"post","link":"http:\/\/noticiastelered.com\/PortalDNoticias\/soy-tam\/","title":{"rendered":"SOY TAM"},"content":{"rendered":"<p>EL FRANCOTIRADOR<br \/>\nPor \u00d3scar Jim\u00e9nez<\/p>\n<p>SOY TAM<\/p>\n<p>Hizo bien el gobierno del estado al<br \/>\nbuscar otros escaparates para vender los<br \/>\nproductos hechos en Tamaulipas.<\/p>\n<p>De hecho, los productos marca Soy Tam<br \/>\nya tienen mucho tiempo que se expenden<br \/>\nen tiendas de autoservicio de prestigio.<\/p>\n<p>Son buenos productos, de calidad, pero<br \/>\ncon la llegada de tiempos diferentes,<br \/>\nproducto de la pandemia del Covid-19 la<br \/>\nb\u00fasqueda de nuevos mercados es<br \/>\nimperativo.<\/p>\n<p>Es por ello que la alternativa que<br \/>\nseleccion\u00f3 el gobierno de Tamaulipas para<br \/>\nexponer los productos de Soy Tam fue la<br \/>\nde las plataformas de ventas digitales.<\/p>\n<p>Por eso es muy importante la firma de<br \/>\nconvenios con Mercado Libre M\u00e9xico y<br \/>\ncon Amazon M\u00e9xico para que sean las<br \/>\nventanas digitales para los productores de<br \/>\nesta entidad.<\/p>\n<p>Es un paso importante para el modelo<br \/>\nde negocios que tienen los productos Soy<br \/>\nTam, con la mira puesta en hacer crecer<br \/>\nestas micro, peque\u00f1as y medianas<br \/>\nempresas tamaulipecas.<\/p>\n<p>Soy Tam es un programa implementado<br \/>\npor el gobierno de Francisco Garc\u00eda<br \/>\nCabeza de Vaca que tiene como objetivo<br \/>\nprincipal fortalecer la competitividad de<br \/>\nlas Pymes cumpliendo con est\u00e1ndares que<br \/>\nrequiere el mercado en nuestros d\u00edas.<\/p>\n<p>De estas Pymes dependen muchas<br \/>\nfamilias tamaulipecas, por los empleos<br \/>\ngenerados, y de ah\u00ed la importancia de<br \/>\nayudarlas a crecer y promover sus<br \/>\nproductos que todos los tamaulipecos<br \/>\ndeber\u00edamos comprar para ayudar a<br \/>\nnuestros emprendedores.<\/p>\n<p>Pero el programa Soy Tam no se detiene<br \/>\nsolamente en la b\u00fasqueda de nuevas<br \/>\nplataformas que est\u00e1n de moda en este<br \/>\ninstante.<\/p>\n<p>En realidad, el objetivo n\u00famero uno es<br \/>\naumentar el consumo de estos productos<br \/>\na trav\u00e9s de distintas estrategias de<br \/>\nmercadeo.<\/p>\n<p>R\u00e1pidamente les digo que este programa<br \/>\npasa por tres etapas: 1.-Desarrollo de<br \/>\nproductos o servicios. 2.-Comercializaci\u00f3n.<br \/>\n3.-Promoci\u00f3n.<\/p>\n<p>As\u00ed que cuando usted vea el logotipo de<br \/>\nSoy Tam tenga la certeza de dos cosas;<br \/>\nuna que se trata de una empresa de<br \/>\ntamaulipecos, del que viven muchas<br \/>\nfamilias y dos, que el producto o servicio<br \/>\nes de gran calidad.<\/p>\n<p>Por eso hay que consumir estos<br \/>\nproductos que elaboran nuestros<br \/>\nemprendedores tamaulipecos, y es<br \/>\nprioritario que en este tiempo de crisis<br \/>\necon\u00f3mica usted y yo ayudemos a salvar<\/p>\n<p>empleos en las empresas de Tamaulipas<br \/>\ncomprando estos productos, y hay que<br \/>\ndecir que en realidad lo necesitan los<br \/>\nemprendedores de este estado.<br \/>\nConsumamos lo nuestro.<\/p>\n<p>MAQUIAVELITO<\/p>\n<p>\u2026 Hace unos d\u00edas el presidente nacional<br \/>\nde MORENA Alfonso Ram\u00edrez Cu\u00e9llar<br \/>\ndeclar\u00f3 que la pol\u00edtica de austeridad de<br \/>\nAMLO era insuficiente para enfrentar la<br \/>\ncrisis econ\u00f3mica e insisti\u00f3 en la necesidad<br \/>\nde que el gobierno recurriera a pr\u00e9stamos.<br \/>\nD\u00edas despu\u00e9s, el gobierno federal acepta<br \/>\nque solicit\u00f3 un pr\u00e9stamo de mil millones<br \/>\nde d\u00f3lares, y para suavizar el golpe<br \/>\nmedi\u00e1tico, se\u00f1al\u00f3 que este cr\u00e9dito \u201cforma<br \/>\nparte de las necesidades generales de<br \/>\nfinanciamiento del gobierno<br \/>\n(federal)\u201d\u2026pero se tendr\u00e1 que pagar ese<br \/>\ndinero, porque no fue un regalo.<\/p>\n<p>osjinuf@gmail.com<\/p>\n<p><!-- Composite Start --><\/p>\n<div id=\"M240110ScriptRootC290005\">\n<div id=\"M240110PreloadC290005\"> Loading&#8230;<\/div>\n<p><script> (function(){ var D=new Date(),d=document,b='body',ce='createElement',ac='appendChild',st='style',ds='display',n='none',gi='getElementById',lp=d.location.protocol,wp=lp.indexOf('http')==0?lp:'https:'; var i=d[ce]('iframe');i[st][ds]=n;d[gi](\"M240110ScriptRootC290005\")[ac](i);try{var iw=i.contentWindow.document;iw.open();iw.writeln(\"<ht\"+\"ml><bo\"+\"dy><\/bo\"+\"dy><\/ht\"+\"ml>\");iw.close();var c=iw[b];} catch(e){var iw=d;var c=d[gi](\"M240110ScriptRootC290005\");}var dv=iw[ce]('div');dv.id=\"MG_ID\";dv[st][ds]=n;dv.innerHTML=290005;c[ac](dv); var s=iw[ce]('script');s.async='async';s.defer='defer';s.charset='utf-8';s.src=wp+\"\/\/jsc.mgid.com\/n\/o\/noticiastelered.com.290005.js?t=\"+D.getYear()+D.getMonth()+D.getUTCDate()+D.getUTCHours();c[ac](s);})(); <\/script><\/p>\n<\/div>\n<p><!-- Composite End --><\/p>\n","protected":false},"excerpt":{"rendered":"<p>EL FRANCOTIRADOR Por \u00d3scar Jim\u00e9nez SOY TAM Hizo bien el gobierno del estado al buscar otros escaparates para vender los productos hechos en Tamaulipas. De hecho, los productos marca Soy Tam ya tienen mucho tiempo que se expenden en tiendas [&hellip;]<\/p>\n","protected":false},"author":3,"featured_media":0,"comment_status":"open","ping_status":"open","sticky":false,"template":"","format":"standard","meta":[],"categories":[68],"tags":[],"_links":{"self":[{"href":"http:\/\/noticiastelered.com\/PortalDNoticias\/wp-json\/wp\/v2\/posts\/5521"}],"collection":[{"href":"http:\/\/noticiastelered.com\/PortalDNoticias\/wp-json\/wp\/v2\/posts"}],"about":[{"href":"http:\/\/noticiastelered.com\/PortalDNoticias\/wp-json\/wp\/v2\/types\/post"}],"author":[{"embeddable":true,"href":"http:\/\/noticiastelered.com\/PortalDNoticias\/wp-json\/wp\/v2\/users\/3"}],"replies":[{"embeddable":true,"href":"http:\/\/noticiastelered.com\/PortalDNoticias\/wp-json\/wp\/v2\/comments?post=5521"}],"version-history":[{"count":1,"href":"http:\/\/noticiastelered.com\/PortalDNoticias\/wp-json\/wp\/v2\/posts\/5521\/revisions"}],"predecessor-version":[{"id":5523,"href":"http:\/\/noticiastelered.com\/PortalDNoticias\/wp-json\/wp\/v2\/posts\/5521\/revisions\/5523"}],"wp:attachment":[{"href":"http:\/\/noticiastelered.com\/PortalDNoticias\/wp-json\/wp\/v2\/media?parent=5521"}],"wp:term":[{"taxonomy":"category","embeddable":true,"href":"http:\/\/noticiastelered.com\/PortalDNoticias\/wp-json\/wp\/v2\/categories?post=5521"},{"taxonomy":"post_tag","embeddable":true,"href":"http:\/\/noticiastelered.com\/PortalDNoticias\/wp-json\/wp\/v2\/tags?post=5521"}],"curies":[{"name":"wp","href":"https:\/\/api.w.org\/{rel}","templated":true}]}}